{"id":132752,"date":"2024-02-26T10:18:24","date_gmt":"2024-02-26T13:18:24","guid":{"rendered":"https:\/\/vinasfm.com\/noticias\/?p=132752"},"modified":"2024-02-27T08:36:35","modified_gmt":"2024-02-27T11:36:35","slug":"una-camioneta-choco-a-un-ciclista-el-viernes-por-la-noche","status":"publish","type":"post","link":"https:\/\/vinasfm.com\/noticias\/una-camioneta-choco-a-un-ciclista-el-viernes-por-la-noche\/","title":{"rendered":"UNA CAMIONETA CHOC\u00d3 A UN CICLISTA EL VIERNES POR LA NOCHE"},"content":{"rendered":"<p><strong>El hecho ocurri\u00f3 a las 21:40 horas aproximadamente, en la intersecci\u00f3n de calles Santa Fe y 7.<\/strong><\/p>\n<p>En el lugar, una camioneta marca Volkswaguen Amarok colision\u00f3 a un biciclita, en la cual se trasladaba un ciudadano de 40 a\u00f1os. El conductor del rodado menor fue trasladado al Hospital Enfermeros Argentinos,<strong> con perdida de conocimiento y traumatismos leves.<\/strong><\/p>\n<p>&nbsp;<\/p>\n","protected":false},"excerpt":{"rendered":"<p>El hecho ocurri\u00f3 a las 21:40 horas aproximadamente, en la intersecci\u00f3n de calles Santa Fe y 7. En el lugar, una &#8230;<\/p>\n","protected":false},"author":7,"featured_media":132756,"comment_status":"open","ping_status":"open","sticky":false,"template":"","format":"standard","meta":{"footnotes":""},"categories":[5,4],"tags":[],"class_list":["post-132752","post","type-post","status-publish","format-standard","has-post-thumbnail","hentry","category-actualidad","category-policiales"],"_links":{"self":[{"href":"https:\/\/vinasfm.com\/noticias\/wp-json\/wp\/v2\/posts\/132752","targetHints":{"allow":["GET"]}}],"collection":[{"href":"https:\/\/vinasfm.com\/noticias\/wp-json\/wp\/v2\/posts"}],"about":[{"href":"https:\/\/vinasfm.com\/noticias\/wp-json\/wp\/v2\/types\/post"}],"author":[{"embeddable":true,"href":"https:\/\/vinasfm.com\/noticias\/wp-json\/wp\/v2\/users\/7"}],"replies":[{"embeddable":true,"href":"https:\/\/vinasfm.com\/noticias\/wp-json\/wp\/v2\/comments?post=132752"}],"version-history":[{"count":1,"href":"https:\/\/vinasfm.com\/noticias\/wp-json\/wp\/v2\/posts\/132752\/revisions"}],"predecessor-version":[{"id":132757,"href":"https:\/\/vinasfm.com\/noticias\/wp-json\/wp\/v2\/posts\/132752\/revisions\/132757"}],"wp:featuredmedia":[{"embeddable":true,"href":"https:\/\/vinasfm.com\/noticias\/wp-json\/wp\/v2\/media\/132756"}],"wp:attachment":[{"href":"https:\/\/vinasfm.com\/noticias\/wp-json\/wp\/v2\/media?parent=132752"}],"wp:term":[{"taxonomy":"category","embeddable":true,"href":"https:\/\/vinasfm.com\/noticias\/wp-json\/wp\/v2\/categories?post=132752"},{"taxonomy":"post_tag","embeddable":true,"href":"https:\/\/vinasfm.com\/noticias\/wp-json\/wp\/v2\/tags?post=132752"}],"curies":[{"name":"wp","href":"https:\/\/api.w.org\/{rel}","templated":true}]}}