{"id":132744,"date":"2024-02-26T08:46:51","date_gmt":"2024-02-26T11:46:51","guid":{"rendered":"https:\/\/vinasfm.com\/noticias\/?p=132744"},"modified":"2024-02-26T11:22:56","modified_gmt":"2024-02-26T14:22:56","slug":"un-auto-y-una-motocicleta-colisionaron-el-sabado-por-la-tarde","status":"publish","type":"post","link":"https:\/\/vinasfm.com\/noticias\/un-auto-y-una-motocicleta-colisionaron-el-sabado-por-la-tarde\/","title":{"rendered":"UN AUTO Y UNA MOTOCICLETA COLISIONARON EL S\u00c1BADO POR LA TARDE"},"content":{"rendered":"<p><strong><span style=\"color: #000000;\">El hecho ocurri\u00f3 cerca de las 16:00 horas, en la intersecci\u00f3n de calles Presidente Illia y Juan Pablo I.<\/span><\/strong><\/p>\n<p><span style=\"color: #000000;\">En el lugar, un autom\u00f3vil marca Peugeot, conducido por un masculino de 49 a\u00f1os, colision\u00f3 a una motocicleta 110 cc la cual era conducido por un joven de 19 a\u00f1os. El conductor del rodado menor fue derivado al nosocomio local, posteriormente <strong>diagnosticado con Fractura Expuesta en pierna derecha.\u00a0<\/strong><\/span><\/p>\n<p>&nbsp;<\/p>\n","protected":false},"excerpt":{"rendered":"<p>El hecho ocurri\u00f3 cerca de las 16:00 horas, en la intersecci\u00f3n de calles Presidente Illia y Juan Pablo I. En el &#8230;<\/p>\n","protected":false},"author":7,"featured_media":132745,"comment_status":"open","ping_status":"open","sticky":false,"template":"","format":"standard","meta":{"footnotes":""},"categories":[5,4],"tags":[],"class_list":["post-132744","post","type-post","status-publish","format-standard","has-post-thumbnail","hentry","category-actualidad","category-policiales"],"_links":{"self":[{"href":"https:\/\/vinasfm.com\/noticias\/wp-json\/wp\/v2\/posts\/132744","targetHints":{"allow":["GET"]}}],"collection":[{"href":"https:\/\/vinasfm.com\/noticias\/wp-json\/wp\/v2\/posts"}],"about":[{"href":"https:\/\/vinasfm.com\/noticias\/wp-json\/wp\/v2\/types\/post"}],"author":[{"embeddable":true,"href":"https:\/\/vinasfm.com\/noticias\/wp-json\/wp\/v2\/users\/7"}],"replies":[{"embeddable":true,"href":"https:\/\/vinasfm.com\/noticias\/wp-json\/wp\/v2\/comments?post=132744"}],"version-history":[{"count":1,"href":"https:\/\/vinasfm.com\/noticias\/wp-json\/wp\/v2\/posts\/132744\/revisions"}],"predecessor-version":[{"id":132746,"href":"https:\/\/vinasfm.com\/noticias\/wp-json\/wp\/v2\/posts\/132744\/revisions\/132746"}],"wp:featuredmedia":[{"embeddable":true,"href":"https:\/\/vinasfm.com\/noticias\/wp-json\/wp\/v2\/media\/132745"}],"wp:attachment":[{"href":"https:\/\/vinasfm.com\/noticias\/wp-json\/wp\/v2\/media?parent=132744"}],"wp:term":[{"taxonomy":"category","embeddable":true,"href":"https:\/\/vinasfm.com\/noticias\/wp-json\/wp\/v2\/categories?post=132744"},{"taxonomy":"post_tag","embeddable":true,"href":"https:\/\/vinasfm.com\/noticias\/wp-json\/wp\/v2\/tags?post=132744"}],"curies":[{"name":"wp","href":"https:\/\/api.w.org\/{rel}","templated":true}]}}