{"id":132740,"date":"2024-02-26T09:38:56","date_gmt":"2024-02-26T12:38:56","guid":{"rendered":"https:\/\/vinasfm.com\/noticias\/?p=132740"},"modified":"2024-02-27T08:37:00","modified_gmt":"2024-02-27T11:37:00","slug":"gran-convocatoria-al-curso-de-primeros-auxilios-psicologicos","status":"publish","type":"post","link":"https:\/\/vinasfm.com\/noticias\/gran-convocatoria-al-curso-de-primeros-auxilios-psicologicos\/","title":{"rendered":"GRAN CONVOCATORIA AL CURSO DE PRIMEROS AUXILIOS PSICOL\u00d3GICOS"},"content":{"rendered":"<h4><strong>Con una gran cantidad de personas se realiz\u00f3 en General Alvear el curso sobre Primero Auxilios Psicol\u00f3gicos orientado al p\u00fablico en general y dictado por la licenciada Gabriela Lima.<\/strong><\/h4>\n<p>Los primeros auxilios psicol\u00f3gicos son muy importantes para brindar apoyo emocional inmediato a alguien que ha experimentado un evento traum\u00e1tico. Algunas de las tem\u00e1ticas que se expusieron son: prevenci\u00f3n del suicidio, trastornos de ansiedad, ataques de p\u00e1nico, autismo, depresi\u00f3n, esquizofrenia, etc.<\/p>\n<p><em><strong>\u201cEs una propuesta interesante para los que trabajamos con ni\u00f1os. La realidad de los ni\u00f1os no es la misma que tenemos los adultos, la salud metal nunca se tuvo en cuenta en la curr\u00edcula y es m\u00e1s que importante, este tipo de curos son herramientas que nos brindan\u201d<\/strong><\/em> dijo Patricia Perfumo, maestra de la Escuela Entre R\u00edos.<\/p>\n<p>Es importante destacar que a todos aquellos que llegaron hasta el Teatro Lafalla se les brind\u00f3 un certificado de asistencia que se obten\u00eda trav\u00e9s de un QR.<\/p>\n<p>Gabriela Lima dijo: <em><strong>\u201cEsta tem\u00e1tica tiene una demanda que ha venido de parte de muchos docentes y profesionales de salud con los cuales he trabajado y que tienen muchas dudas e inquietudes y sobre todo las familias que no saben c\u00f3mo actuar y en ocasiones no consiguen ni tener una consulta. Entregamos algunas herramientas para actuar y detectar las problem\u00e1ticas\u201d<\/strong><\/em><\/p>\n<p>Jos\u00e9 Mor\u00e1n, Director de Educaci\u00f3n expres\u00f3<em><strong> \u201ctodos los temas que se expusieron son muy importantes, que tengamos el teatro lleno nos llena de alegr\u00eda y nos motiva a seguir trabajando en toda esta tem\u00e1tica y otras que nos han planteados\u201d<\/strong><\/em><\/p>\n<p><em><strong>\u201cEste tipo de problem\u00e1ticas nos encontramos todos los d\u00edas, tener este tipo de herramientas es m\u00e1s que importante para poder enfrentar ciertas situaciones que se han agudizado en los \u00faltimos a\u00f1os\u201d<\/strong><\/em> expres\u00f3 Gabriela Olgu\u00edn, Vicedirectora de la Escuela R\u00edo Atuel.<\/p>\n","protected":false},"excerpt":{"rendered":"<p>Con una gran cantidad de personas se realiz\u00f3 en General Alvear el curso sobre Primero Auxilios Psicol\u00f3gicos orientado al p\u00fablico en &#8230;<\/p>\n","protected":false},"author":7,"featured_media":132741,"comment_status":"open","ping_status":"open","sticky":false,"template":"","format":"standard","meta":{"footnotes":""},"categories":[5,11],"tags":[],"class_list":["post-132740","post","type-post","status-publish","format-standard","has-post-thumbnail","hentry","category-actualidad","category-sociales"],"_links":{"self":[{"href":"https:\/\/vinasfm.com\/noticias\/wp-json\/wp\/v2\/posts\/132740","targetHints":{"allow":["GET"]}}],"collection":[{"href":"https:\/\/vinasfm.com\/noticias\/wp-json\/wp\/v2\/posts"}],"about":[{"href":"https:\/\/vinasfm.com\/noticias\/wp-json\/wp\/v2\/types\/post"}],"author":[{"embeddable":true,"href":"https:\/\/vinasfm.com\/noticias\/wp-json\/wp\/v2\/users\/7"}],"replies":[{"embeddable":true,"href":"https:\/\/vinasfm.com\/noticias\/wp-json\/wp\/v2\/comments?post=132740"}],"version-history":[{"count":2,"href":"https:\/\/vinasfm.com\/noticias\/wp-json\/wp\/v2\/posts\/132740\/revisions"}],"predecessor-version":[{"id":132753,"href":"https:\/\/vinasfm.com\/noticias\/wp-json\/wp\/v2\/posts\/132740\/revisions\/132753"}],"wp:featuredmedia":[{"embeddable":true,"href":"https:\/\/vinasfm.com\/noticias\/wp-json\/wp\/v2\/media\/132741"}],"wp:attachment":[{"href":"https:\/\/vinasfm.com\/noticias\/wp-json\/wp\/v2\/media?parent=132740"}],"wp:term":[{"taxonomy":"category","embeddable":true,"href":"https:\/\/vinasfm.com\/noticias\/wp-json\/wp\/v2\/categories?post=132740"},{"taxonomy":"post_tag","embeddable":true,"href":"https:\/\/vinasfm.com\/noticias\/wp-json\/wp\/v2\/tags?post=132740"}],"curies":[{"name":"wp","href":"https:\/\/api.w.org\/{rel}","templated":true}]}}