{"id":132736,"date":"2024-02-26T09:32:00","date_gmt":"2024-02-26T12:32:00","guid":{"rendered":"https:\/\/vinasfm.com\/noticias\/?p=132736"},"modified":"2024-02-27T10:35:04","modified_gmt":"2024-02-27T13:35:04","slug":"las-18-reinas-departamentales-iniciaron-la-convivencia-real","status":"publish","type":"post","link":"https:\/\/vinasfm.com\/noticias\/las-18-reinas-departamentales-iniciaron-la-convivencia-real\/","title":{"rendered":"LAS 18 REINAS DEPARTAMENTALES INICIARON LA CONVIVENCIA REAL"},"content":{"rendered":"<p><strong>Las soberanas de los 18 municipios llegaron al Hotel Fuente Mayor, donde se hospedar\u00e1n durante esta semana y recibir\u00e1n distintas capacitaciones.<\/strong><\/p>\n<p>Emoci\u00f3n, gritos y pancartas, los familiares y amigos de las candidatas fueron los grandes protagonistas del acto de bienvenida al hotel ubicado en la calle Espejo de Ciudad que se convertir\u00e1 en su casa por los pr\u00f3ximos d\u00edas.<\/p>\n<p>Desde hoy realizar\u00e1n juntas variadas actividades y capacitaciones, y se perfeccionar\u00e1n en tem\u00e1ticas necesarias para transitar sus primeros pasos como representantes departamentales, entre otras acciones previstas en su apretada agenda vendimial. Este a\u00f1o, todo el cronograma de actividades se les entreg\u00f3 en formato QR para que cada una pueda acceder de forma r\u00e1pida y sencilla desde un celular.<\/p>\n<p>Las representantes llegaron acompa\u00f1adas por sus coordinadoras y miembros del\u00a0<em>staff\u00a0<\/em>de sus municipios. Tambi\u00e9n se hicieron presentes la mayor\u00eda de los intendentes, quienes al finalizar el acto entregaron flores y algunos presentes.<\/p>\n<p>La jornada estuvo cargada de emoci\u00f3n y nostalgia. As\u00ed lo vivieron principalmente las familias de las candidatas de los departamentos m\u00e1s alejados, quienes se fundieron en un nost\u00e1lgico abrazo de despedida hasta la gran noche.<\/p>\n<p>Entre las autoridades presentes, el subsecretario de Cultura, Diego Gareca, tom\u00f3 la palabra para darles la bienvenida a las reinas y destac\u00f3 el esfuerzo de los municipios para realizar sus fiestas en un contexto para nada alentador. Asimismo, coment\u00f3: <em><strong>\u201cVan a tener jornadas muy importantes, sobre todo por la convivencia y por la capacitaci\u00f3n, que en estos d\u00edas es muy intensa\u201d.<\/strong><\/em><\/p>\n<p>Adem\u00e1s, agradeci\u00f3 especialmente a la gerencia del Hotel Fuente Mayor, por comprometerse con Vendimia y hacer posible la tradicional convivencia de las representantes. Un encuentro que no solo le aporta emoci\u00f3n a la festividad sino que tambi\u00e9n facilita el arduo trabajo de todos los que hacen vendimia de cara a la gran fiesta el pr\u00f3ximo 2 de marzo.<\/p>\n<h2><span style=\"color: #000000;\">LAS 18 CANDIDATAS<\/span><\/h2>\n<ul>\n<li><strong>General Alvear:<\/strong> Anbela Gianela Rios, tiene 22 a\u00f1os y represent\u00f3 al distrito de San Pedro del Atuel. Es empleada de comercio y comenzar\u00e1 a estudiar Dise\u00f1o de Indumentaria, Textil y Accesorios.<\/li>\n<\/ul>\n<p><img loading=\"lazy\" decoding=\"async\" class=\"aligncenter\" src=\"https:\/\/www.losandes.com.ar\/resizer\/ega8DEqc9hyj6ATmELIlmu6iyuY=\/1023x1534\/smart\/cloudfront-us-east-1.images.arcpublishing.com\/grupoclarin\/HSWWJD3FAZBNXAZBFDQPQCDS2I.jpg\" alt=\"La Reina de Alvear cuenta que todos los d\u00edas agradece a Dios por las oportunidades que le brinda\" width=\"290\" height=\"435\" \/><\/p>\n<p>&nbsp;<\/p>\n<ul>\n<li><strong>Godoy Cruz:<\/strong> Karen Rubino, tiene 21 a\u00f1os y represent\u00f3 al distrito de Trapiche. Estudia Escriban\u00eda.<\/li>\n<\/ul>\n<p>&nbsp;<\/p>\n<p><a href=\"https:\/\/vinasfm.com\/noticias\/wp-content\/uploads\/2024\/02\/REINADEPARTAMENTALGODOYCRUZ2024.jpg\"><img loading=\"lazy\" decoding=\"async\" class=\"wp-image-132750 aligncenter\" src=\"https:\/\/vinasfm.com\/noticias\/wp-content\/uploads\/2024\/02\/REINADEPARTAMENTALGODOYCRUZ2024.jpg\" alt=\"\" width=\"236\" height=\"295\" srcset=\"https:\/\/vinasfm.com\/noticias\/wp-content\/uploads\/2024\/02\/REINADEPARTAMENTALGODOYCRUZ2024.jpg 720w, https:\/\/vinasfm.com\/noticias\/wp-content\/uploads\/2024\/02\/REINADEPARTAMENTALGODOYCRUZ2024-240x300.jpg 240w\" sizes=\"auto, (max-width: 236px) 100vw, 236px\" \/><\/a><\/p>\n<ul>\n<li><strong>Guaymall\u00e9n:\u00a0<\/strong>Angelina Franco Leiva, tiene 18 y represent\u00f3 al distrito Dorrego. Estudia Administraci\u00f3n de Empresas.<\/li>\n<\/ul>\n<p><img loading=\"lazy\" decoding=\"async\" class=\"aligncenter\" src=\"https:\/\/www.losandes.com.ar\/resizer\/ANBf86srv67eq18uB1vmPnrya2s=\/1023x1534\/smart\/cloudfront-us-east-1.images.arcpublishing.com\/grupoclarin\/O2SNHIRCDFDOTDFESJBGELIHSE.jpg\" alt=\"La Reina de Guaymall\u00e9n se esperanza con mejorar los senderos del Acceso Este\" width=\"290\" height=\"435\" \/><\/p>\n<p>&nbsp;<\/p>\n<ul>\n<li><strong>Junin:<\/strong> Liz Villegas, tiene 20 a\u00f1os y represent\u00f3 al distrito Ingeniero Giagnoni. Estudia Dise\u00f1o de Indumentaria, Textil y Accesorios.<\/li>\n<\/ul>\n<p><img loading=\"lazy\" decoding=\"async\" class=\"aligncenter\" src=\"https:\/\/www.losandes.com.ar\/resizer\/_6PXAXjIMQBAeT0qW80uQ_0wBfU=\/1023x1534\/smart\/cloudfront-us-east-1.images.arcpublishing.com\/grupoclarin\/4RVMCWAPPFBF7DHY6QJWFNMUNQ.jpg\" alt=\"La reina de Jun\u00edn, comprometida con el ambiente, invita a conocer la historia de su pueblo\" width=\"290\" height=\"435\" \/><\/p>\n<p>&nbsp;<\/p>\n<ul>\n<li><strong>La Paz:<\/strong> Virginia Beneite, tiene 20 a\u00f1os y represent\u00f3 al Club Deportivo Villa Antigua. Es T\u00e9cnica auxiliar de Farmacias.<\/li>\n<\/ul>\n<p><img loading=\"lazy\" decoding=\"async\" class=\"aligncenter\" src=\"https:\/\/www.losandes.com.ar\/resizer\/_Y8m9lFUknKkHF3KizUcboOaytg=\/1023x1534\/smart\/cloudfront-us-east-1.images.arcpublishing.com\/grupoclarin\/SSSBQQSCJNC3DN4V7BZDQP723A.jpg\" alt=\"La reina de La Paz, enamorada de su terru\u00f1o, sue\u00f1a con darle la tercera corona\" width=\"290\" height=\"435\" \/><\/p>\n<ul>\n<li><strong>Las Heras:<\/strong> Sasha Aye Ali, tiene 22 a\u00f1os y represent\u00f3 al distrito El Pastal. Estudia Gastronomia y trabaja en una librer\u00eda familiar.<\/li>\n<\/ul>\n<p><img loading=\"lazy\" decoding=\"async\" class=\"aligncenter\" src=\"https:\/\/www.losandes.com.ar\/resizer\/NJHcn6WNL35S_BZcrnxiw35JlyI=\/1023x1534\/smart\/cloudfront-us-east-1.images.arcpublishing.com\/grupoclarin\/AN4SH7QYGBFNLHPD4AVOTV72VI.jpg\" alt=\"Sasha, la reina de Las Heras que quiere ser chef y tener su empresa de catering\" width=\"290\" height=\"435\" \/><\/p>\n<ul>\n<li><strong>Lavalle:<\/strong> Paloma Oro, tiene 19 a\u00f1os y represnt\u00f3 al distrito Jocol\u00ed. Estudia Kinesiolog\u00eda<\/li>\n<\/ul>\n<p><img loading=\"lazy\" decoding=\"async\" class=\"aligncenter\" src=\"https:\/\/blogger.googleusercontent.com\/img\/b\/R29vZ2xl\/AVvXsEiPeEBDFc6tTUz2uJVBsKpY1Cr47ezztAFJqdJl0oixYT8hSCxJYIRNpGLFDs1Jnh06paQTeQvf9Mc3HmajcHJICZ1ObgTC1zCHfpnDdT40CP-nBY6-LkmhMzt9KzOwHE7BYvxzAPJMBtqJk5rFbMWCVdQnImCEfVzkaZDmC5mLWCVaBCCcP5-koPedVtAk\/s16000-rw\/LAVALLE%201.jpg\" alt=\"Te presentamos a las 18 candidatas a Reina Nacional de la Vendimia 2024\" width=\"290\" height=\"363\" \/><\/p>\n<ul>\n<li><strong>Luj\u00e1n de Cuyo:<\/strong> Julieta Bosquet, tiene 20a\u00f1os y represent\u00f3 al distrito La Puntilla. Estudia Dise\u00f1o de Indumentaria.<\/li>\n<\/ul>\n<p><img loading=\"lazy\" decoding=\"async\" class=\"aligncenter\" src=\"https:\/\/www.mendovoz.com\/u\/fotografias\/m\/2024\/2\/18\/f768x1-203797_203924_5050.jpg\" alt=\"Julieta Bosquet es la nueva reina de la Vendimia de Luj\u00e1n de Cuyo | MendoVoz\" width=\"290\" height=\"435\" \/><\/p>\n<ul>\n<li><strong>Maip\u00fa:<\/strong> Brunela Puga, tiene 20 a\u00f1os y represent\u00f3 al distrito Fray Luis Beltran. Es estudiante de Obstetricia.<\/li>\n<\/ul>\n<p><img loading=\"lazy\" decoding=\"async\" class=\"aligncenter\" src=\"https:\/\/scontent.faep16-1.fna.fbcdn.net\/v\/t39.30808-6\/428649253_802016961958360_205043475645396959_n.jpg?_nc_cat=103&amp;ccb=1-7&amp;_nc_sid=dd5e9f&amp;_nc_ohc=A6VTcdvRo5wAX8NQA5A&amp;_nc_ht=scontent.faep16-1.fna&amp;cb_e2o_trans=t&amp;oh=00_AfAG54QY1haRO__utInUcQ6wFR8XrRsCXSxGoZE2bnTIGA&amp;oe=65E185DE\" alt=\"Puede ser una imagen de 1 persona y bailando\" width=\"305\" height=\"271\" \/><\/p>\n<ul>\n<li><strong>Malarg\u00fce:<\/strong> Candela Carricondo Cecconato, tiene 19 a\u00f1os y represent\u00f3 al distrito R\u00edo Grande. Es Est\u00e9ticista.<\/li>\n<\/ul>\n<p><img loading=\"lazy\" decoding=\"async\" class=\"aligncenter\" src=\"https:\/\/www.losandes.com.ar\/resizer\/8t3HQTEMOjJP_Y7IWoNvyViBYmk=\/1023x1534\/smart\/cloudfront-us-east-1.images.arcpublishing.com\/grupoclarin\/W7G57TRPFZDBBKJYP67J4XTTE4.jpg\" alt=\"La reina de Malarg\u00fce que contin\u00faa la tradici\u00f3n familiar de Vendimia\" width=\"298\" height=\"447\" \/><\/p>\n<ul>\n<li><strong>Ciudad:<\/strong> Agostia Saua, tiene 23 a\u00f1os y represent\u00f3 al Club Regatas. Es profesora de Ingl\u00e9s.<\/li>\n<li><img loading=\"lazy\" decoding=\"async\" class=\"aligncenter\" src=\"https:\/\/www.mendozapost.com\/files\/image\/550\/550831\/65d8aa4368567_360_480!.jpg?s=a134738d3afa41ade675ad834f785889&amp;d=1708657200\" alt=\"Agostina Saua podr\u00eda hacer historia coron\u00e1ndose primera Reina Nacional - Mendoza Post\" width=\"290\" height=\"387\" \/><strong>Rivadavia:<\/strong> Florencia Lagos, tiene 24 a\u00f1os y represent\u00f3 al distrito La Central. Estudia Kinesiolog\u00eda y Fisioterapia.<\/li>\n<\/ul>\n<p><img loading=\"lazy\" decoding=\"async\" class=\"aligncenter\" src=\"https:\/\/www.losandes.com.ar\/resizer\/bdtJs71fSUYIs_rXIgDVBey6lfk=\/1023x1534\/smart\/cloudfront-us-east-1.images.arcpublishing.com\/grupoclarin\/G24EH46M6BF3XP7W4OQN2VFSHY.jpg\" alt=\"La Reina de Rivadavia busca fomentar la salud mental en los j\u00f3venes\" width=\"290\" height=\"435\" \/><\/p>\n<ul>\n<li><strong>San Carlos<\/strong>: Roc\u00edo Neila, tiene 20 a\u00f1os y represent\u00f3 a Pareditas. Es estudiante de Abogac\u00eda y Procuraci\u00f3n.<\/li>\n<\/ul>\n<p><img loading=\"lazy\" decoding=\"async\" class=\"aligncenter\" src=\"https:\/\/scontent.faep16-1.fna.fbcdn.net\/v\/t39.30808-6\/428640500_18395381758070914_8771759403927973016_n.jpg?_nc_cat=104&amp;ccb=1-7&amp;_nc_sid=3635dc&amp;_nc_ohc=u8t43UQAcOcAX_cf1Kp&amp;_nc_ht=scontent.faep16-1.fna&amp;cb_e2o_trans=t&amp;oh=00_AfDnZXG7GJcER2uC27nspdPX_ZJMToAkqEffbQGl3EsL4Q&amp;oe=65E10644\" alt=\"Puede ser una imagen de 1 persona y texto\" width=\"290\" height=\"290\" \/><\/p>\n<ul>\n<li><strong>San Mart\u00edn:<\/strong> Candela D\u00edaz Magistretti, tiene 23 a\u00f1os y represent\u00f3 a Ciudad. Es M\u00e9dica.<\/li>\n<\/ul>\n<p><img loading=\"lazy\" decoding=\"async\" class=\"aligncenter\" src=\"https:\/\/www.losandes.com.ar\/resizer\/F3fLMvnITbVpZRaaE9uqtkmNkl8=\/1023x1534\/smart\/cloudfront-us-east-1.images.arcpublishing.com\/grupoclarin\/KEUICZCZYZFZZJQ3R5MGTZ2J4A.jpg\" alt=\"La Reina de San Mart\u00edn present\u00f3 el proyecto \u201cEnlace vitivin\u00edcola\u201d\" width=\"290\" height=\"435\" \/><\/p>\n<ul>\n<li><strong>San Rafael:<\/strong> Mar\u00eda Sol Indivieri, tiene 22 a\u00f1os y represent\u00f3 al distrito El Nihuil. Estudia Kinesiolog\u00eda.<\/li>\n<\/ul>\n<p><img loading=\"lazy\" decoding=\"async\" class=\"aligncenter\" src=\"https:\/\/scontent.faep16-1.fna.fbcdn.net\/v\/t39.30808-6\/428649361_7260959670635750_7130246070567213794_n.jpg?_nc_cat=107&amp;ccb=1-7&amp;_nc_sid=524774&amp;_nc_ohc=EQf1qw-baTIAX_nbN-a&amp;_nc_ht=scontent.faep16-1.fna&amp;cb_e2o_trans=t&amp;oh=00_AfBS-lsIiF93GRnsiY_BX15k7_9LL0hHdmpQWIlErtZsMA&amp;oe=65E1F728\" alt=\"Puede ser una imagen de \u200e1 persona y \u200etexto que dice &quot;\u200eSAN AFAEL Sol \u0633\u0645 2024\u200e&quot;\u200e\u200e\" width=\"290\" height=\"348\" \/><\/p>\n<ul>\n<li><strong>Santa Rosa:<\/strong> Agostina\u00a0 Gonz\u00e1lez, tiene 23 a\u00f1os y represent\u00f3 al distrito La Dormida. Estudia Enfermer\u00eda.<\/li>\n<\/ul>\n<p><img loading=\"lazy\" decoding=\"async\" class=\"aligncenter\" src=\"https:\/\/scontent.faep16-2.fna.fbcdn.net\/v\/t39.30808-6\/428645180_714076900908756_8102073820375458451_n.jpg?stp=dst-jpg_p526x296&amp;_nc_cat=109&amp;ccb=1-7&amp;_nc_sid=dd5e9f&amp;_nc_ohc=blA0Y8IUUB8AX-r_TuM&amp;_nc_ht=scontent.faep16-2.fna&amp;cb_e2o_trans=t&amp;oh=00_AfB9OZvA4AxRh-amUb1LsgRzfOW_bt43dn4vqx-SRpg9IA&amp;oe=65E24180\" alt=\"Puede ser una imagen de 1 persona, sonriendo y texto que dice &quot;SANTA ROSA Agostina 2024 widas SantaRosa Municipio&quot;\" width=\"290\" height=\"436\" \/><\/p>\n<ul>\n<li><strong>Tunuy\u00e1n:<\/strong> Isis Guill\u00e9n Godoy, tiene 20 a\u00f1os y represent\u00f3 a FM Zeta 95.5. Estudia Medicina.<\/li>\n<\/ul>\n<p><img loading=\"lazy\" decoding=\"async\" class=\"aligncenter\" src=\"https:\/\/www.losandes.com.ar\/resizer\/oBd2Z06r-oz8VZ29lbzxA5uacNE=\/1023x1534\/smart\/cloudfront-us-east-1.images.arcpublishing.com\/grupoclarin\/HRRI36VUHBCAJPMTEMFXKJGW6M.jpg\" alt=\"Isis, la reina de Tunuy\u00e1n que estudia medicina y quiere que los cosechadores tengan un sitio de atenci\u00f3n para la salud\" width=\"291\" height=\"436\" \/><\/p>\n<ul>\n<li><strong>Tupungato:<\/strong> Valentina Ortiz, tiene 22 a\u00f1os y represent\u00f3 a Ciudad. Estudia Relaciones P\u00fablicas.<\/li>\n<\/ul>\n<p><img loading=\"lazy\" decoding=\"async\" class=\"aligncenter\" src=\"https:\/\/scontent.faep16-1.fna.fbcdn.net\/v\/t39.30808-6\/428639450_802787305210332_8936789723125651154_n.jpg?_nc_cat=102&amp;ccb=1-7&amp;_nc_sid=dd5e9f&amp;_nc_ohc=aABZcJpZeiUAX82YjrT&amp;_nc_ht=scontent.faep16-1.fna&amp;cb_e2o_trans=t&amp;oh=00_AfCCY2J63NCrn3-NJ-4HhM7UmLsUNA3izDHPkla75J_4iw&amp;oe=65E1A24A\" alt=\"Puede ser una imagen de 1 persona y texto que dice &quot;Valentina TUPUNGATO UPUNG UPUNGA&quot;\" width=\"291\" height=\"364\" \/><\/p>\n","protected":false},"excerpt":{"rendered":"<p>Las soberanas de los 18 municipios llegaron al Hotel Fuente Mayor, donde se hospedar\u00e1n durante esta semana y recibir\u00e1n distintas capacitaciones. &#8230;<\/p>\n","protected":false},"author":7,"featured_media":132737,"comment_status":"open","ping_status":"open","sticky":false,"template":"","format":"standard","meta":{"footnotes":""},"categories":[5,25],"tags":[],"class_list":["post-132736","post","type-post","status-publish","format-standard","has-post-thumbnail","hentry","category-actualidad","category-vendimia"],"_links":{"self":[{"href":"https:\/\/vinasfm.com\/noticias\/wp-json\/wp\/v2\/posts\/132736","targetHints":{"allow":["GET"]}}],"collection":[{"href":"https:\/\/vinasfm.com\/noticias\/wp-json\/wp\/v2\/posts"}],"about":[{"href":"https:\/\/vinasfm.com\/noticias\/wp-json\/wp\/v2\/types\/post"}],"author":[{"embeddable":true,"href":"https:\/\/vinasfm.com\/noticias\/wp-json\/wp\/v2\/users\/7"}],"replies":[{"embeddable":true,"href":"https:\/\/vinasfm.com\/noticias\/wp-json\/wp\/v2\/comments?post=132736"}],"version-history":[{"count":3,"href":"https:\/\/vinasfm.com\/noticias\/wp-json\/wp\/v2\/posts\/132736\/revisions"}],"predecessor-version":[{"id":132751,"href":"https:\/\/vinasfm.com\/noticias\/wp-json\/wp\/v2\/posts\/132736\/revisions\/132751"}],"wp:featuredmedia":[{"embeddable":true,"href":"https:\/\/vinasfm.com\/noticias\/wp-json\/wp\/v2\/media\/132737"}],"wp:attachment":[{"href":"https:\/\/vinasfm.com\/noticias\/wp-json\/wp\/v2\/media?parent=132736"}],"wp:term":[{"taxonomy":"category","embeddable":true,"href":"https:\/\/vinasfm.com\/noticias\/wp-json\/wp\/v2\/categories?post=132736"},{"taxonomy":"post_tag","embeddable":true,"href":"https:\/\/vinasfm.com\/noticias\/wp-json\/wp\/v2\/tags?post=132736"}],"curies":[{"name":"wp","href":"https:\/\/api.w.org\/{rel}","templated":true}]}}