{"id":132718,"date":"2024-02-24T11:01:04","date_gmt":"2024-02-24T14:01:04","guid":{"rendered":"https:\/\/vinasfm.com\/noticias\/?p=132718"},"modified":"2024-02-24T11:01:04","modified_gmt":"2024-02-24T14:01:04","slug":"con-decena-de-colonos-se-llevo-a-cabo-el-cierre-de-la-colonia-de-verano-de-adultos-mayores","status":"publish","type":"post","link":"https:\/\/vinasfm.com\/noticias\/con-decena-de-colonos-se-llevo-a-cabo-el-cierre-de-la-colonia-de-verano-de-adultos-mayores\/","title":{"rendered":"CON DECENA DE COLONOS SE LLEV\u00d3 A CABO EL CIERRE DE LA COLONIA DE VERANO DE ADULTOS MAYORES"},"content":{"rendered":"<p><strong>El evento se realiz\u00f3 en la Plaza Carlos Mar\u00eda de Alvear, en la jornada del viernes.<\/strong><\/p>\n<p>Se aproxima el fin de verano y con \u00e9l van culminando distintas actividades veraniegas que propuso el municipio durante la temporada 2023-2024. Hace algunas semanas tuvo lugar el cierre de temporada de la colonia para ni\u00f1os y, este viernes, se llev\u00f3 a cabo el cierre de temporada de la colonia para adultos mayores.<\/p>\n","protected":false},"excerpt":{"rendered":"<p>El evento se realiz\u00f3 en la Plaza Carlos Mar\u00eda de Alvear, en la jornada del viernes. Se aproxima el fin de &#8230;<\/p>\n","protected":false},"author":7,"featured_media":132721,"comment_status":"open","ping_status":"open","sticky":false,"template":"","format":"standard","meta":{"footnotes":""},"categories":[1],"tags":[],"class_list":["post-132718","post","type-post","status-publish","format-standard","has-post-thumbnail","hentry","category-fmvinas"],"_links":{"self":[{"href":"https:\/\/vinasfm.com\/noticias\/wp-json\/wp\/v2\/posts\/132718","targetHints":{"allow":["GET"]}}],"collection":[{"href":"https:\/\/vinasfm.com\/noticias\/wp-json\/wp\/v2\/posts"}],"about":[{"href":"https:\/\/vinasfm.com\/noticias\/wp-json\/wp\/v2\/types\/post"}],"author":[{"embeddable":true,"href":"https:\/\/vinasfm.com\/noticias\/wp-json\/wp\/v2\/users\/7"}],"replies":[{"embeddable":true,"href":"https:\/\/vinasfm.com\/noticias\/wp-json\/wp\/v2\/comments?post=132718"}],"version-history":[{"count":1,"href":"https:\/\/vinasfm.com\/noticias\/wp-json\/wp\/v2\/posts\/132718\/revisions"}],"predecessor-version":[{"id":132719,"href":"https:\/\/vinasfm.com\/noticias\/wp-json\/wp\/v2\/posts\/132718\/revisions\/132719"}],"wp:featuredmedia":[{"embeddable":true,"href":"https:\/\/vinasfm.com\/noticias\/wp-json\/wp\/v2\/media\/132721"}],"wp:attachment":[{"href":"https:\/\/vinasfm.com\/noticias\/wp-json\/wp\/v2\/media?parent=132718"}],"wp:term":[{"taxonomy":"category","embeddable":true,"href":"https:\/\/vinasfm.com\/noticias\/wp-json\/wp\/v2\/categories?post=132718"},{"taxonomy":"post_tag","embeddable":true,"href":"https:\/\/vinasfm.com\/noticias\/wp-json\/wp\/v2\/tags?post=132718"}],"curies":[{"name":"wp","href":"https:\/\/api.w.org\/{rel}","templated":true}]}}