{"id":132702,"date":"2024-02-23T11:17:59","date_gmt":"2024-02-23T14:17:59","guid":{"rendered":"https:\/\/vinasfm.com\/noticias\/?p=132702"},"modified":"2024-02-26T09:38:58","modified_gmt":"2024-02-26T12:38:58","slug":"comienzo-de-clases-el-sute-adhiere-pero-no-convoca-al-paro-docente","status":"publish","type":"post","link":"https:\/\/vinasfm.com\/noticias\/comienzo-de-clases-el-sute-adhiere-pero-no-convoca-al-paro-docente\/","title":{"rendered":"COMIENZO DE CLASES: EL SUTE ADHIERE, PERO NO CONVOCA AL PARO DOCENTE"},"content":{"rendered":"<p><span style=\"color: #000000;\"><strong>Desde el sindicato afirmaron que \u201clos docentes pueden optar por no concurrir a los lugares de trabajo\u201d.<\/strong><\/span><\/p>\n<p><span style=\"color: #000000;\">Tras la convocatoria de la Confederaci\u00f3n de Trabajadores de la Educaci\u00f3n de la Rep\u00fablica Argentina (CTERA) a un paro nacional el pr\u00f3ximo lunes 26 de febrero, el Sindicato Unidos de los Trabajadores de la Educaci\u00f3n (SUTE) confirm\u00f3 que Mendoza adherir\u00e1 a la medida de fuerza con una movilizaci\u00f3n por la tarde, aunque no convocaron de forma oficial a un paro en la provincia.<\/span><\/p>\n<p><span style=\"color: #000000;\">Desde el sindicato afirmaron, sin embargo, que <strong><em>\u201clos docentes pueden optar por no concurrir a los lugares de trabajo\u201c.<\/em><\/strong><\/span><\/p>\n<p><span style=\"color: #000000;\"><strong><em>\u201cVa a ser un inicio con conflicto en todo el pa\u00eds por el no env\u00edo de los fondos para educaci\u00f3n a las provincias. Desde el SUTE adherimos, por lo que todos los docentes tienen derecho a huelga y pueden no concurrir a los lugares de trabajo\u201c<\/em><\/strong>, confirm\u00f3 Carina Sedano, titular del SUTE.<\/span><\/p>\n<p><span style=\"color: #000000;\">La representante gremial dijo que el pr\u00f3ximo lunes 26 de febrero, d\u00eda de inicio de clases en Mendoza, se concentrar\u00e1n en el Kil\u00f3metro 0 a las 18 para movilizarse.<\/span><\/p>\n<p><span style=\"color: #000000;\"><strong><em>\u201cEl reclamo que se est\u00e1 haciendo tiene que ver con los fondos nacionales que no se han enviado a m\u00e1s de 200 escuelas con jornadas completas. Fondos como incentivo docente, comedores escolares, copa de leche, orquesta y coros infantiles e infraestructura escolar\u201d<\/em><\/strong>, explic\u00f3.<\/span><\/p>\n<p><span style=\"color: #000000;\">Adem\u00e1s, consultada por el posible porcentaje de acatamiento, Sedano aclar\u00f3 que est\u00e1n haciendo un relevamiento para conocer cu\u00e1ntos docentes podr\u00edan no asistir a las aulas el pr\u00f3ximo lunes.<\/span><\/p>\n<p><span style=\"color: #000000;\">Ante la consulta, desde la <strong>Direcci\u00f3n General de Escuelas<\/strong>\u00a0aseguraron que, hasta el momento,\u00a0<strong>no hubo una comunicaci\u00f3n oficial por parte del sindicato docente<\/strong>, por lo que esperan que en el transcurso del viernes se tome una determinaci\u00f3n que terminar\u00e1 de definir c\u00f3mo se desarrollar\u00e1 el comienzo de clases en Mendoza.<\/span><\/p>\n<h6>El Sol<\/h6>\n","protected":false},"excerpt":{"rendered":"<p>Desde el sindicato afirmaron que \u201clos docentes pueden optar por no concurrir a los lugares de trabajo\u201d. Tras la convocatoria de &#8230;<\/p>\n","protected":false},"author":7,"featured_media":132703,"comment_status":"open","ping_status":"open","sticky":false,"template":"","format":"standard","meta":{"footnotes":""},"categories":[5,7],"tags":[],"class_list":["post-132702","post","type-post","status-publish","format-standard","has-post-thumbnail","hentry","category-actualidad","category-politica"],"_links":{"self":[{"href":"https:\/\/vinasfm.com\/noticias\/wp-json\/wp\/v2\/posts\/132702","targetHints":{"allow":["GET"]}}],"collection":[{"href":"https:\/\/vinasfm.com\/noticias\/wp-json\/wp\/v2\/posts"}],"about":[{"href":"https:\/\/vinasfm.com\/noticias\/wp-json\/wp\/v2\/types\/post"}],"author":[{"embeddable":true,"href":"https:\/\/vinasfm.com\/noticias\/wp-json\/wp\/v2\/users\/7"}],"replies":[{"embeddable":true,"href":"https:\/\/vinasfm.com\/noticias\/wp-json\/wp\/v2\/comments?post=132702"}],"version-history":[{"count":1,"href":"https:\/\/vinasfm.com\/noticias\/wp-json\/wp\/v2\/posts\/132702\/revisions"}],"predecessor-version":[{"id":132704,"href":"https:\/\/vinasfm.com\/noticias\/wp-json\/wp\/v2\/posts\/132702\/revisions\/132704"}],"wp:featuredmedia":[{"embeddable":true,"href":"https:\/\/vinasfm.com\/noticias\/wp-json\/wp\/v2\/media\/132703"}],"wp:attachment":[{"href":"https:\/\/vinasfm.com\/noticias\/wp-json\/wp\/v2\/media?parent=132702"}],"wp:term":[{"taxonomy":"category","embeddable":true,"href":"https:\/\/vinasfm.com\/noticias\/wp-json\/wp\/v2\/categories?post=132702"},{"taxonomy":"post_tag","embeddable":true,"href":"https:\/\/vinasfm.com\/noticias\/wp-json\/wp\/v2\/tags?post=132702"}],"curies":[{"name":"wp","href":"https:\/\/api.w.org\/{rel}","templated":true}]}}