{"id":132637,"date":"2024-02-22T09:44:26","date_gmt":"2024-02-22T12:44:26","guid":{"rendered":"https:\/\/vinasfm.com\/noticias\/?p=132637"},"modified":"2024-02-23T09:05:55","modified_gmt":"2024-02-23T12:05:55","slug":"alvear-bajo-la-lluvia-precipitaron-50-mm-en-una-hora","status":"publish","type":"post","link":"https:\/\/vinasfm.com\/noticias\/alvear-bajo-la-lluvia-precipitaron-50-mm-en-una-hora\/","title":{"rendered":"ALVEAR BAJO LA LLUVIA: PRECIPITARON 50 MM EN UNA HORA"},"content":{"rendered":"<p><span style=\"color: #000000;\"><strong>El director de Defensa Civil asegur\u00f3 que en Ciudad precipitaron 80 mm hasta las 7:30 horas de la ma\u00f1ana del jueves. <\/strong><\/span><\/p>\n<p><span style=\"color: #000000;\">El pron\u00f3stico se cumpli\u00f3 y la tarde del mi\u00e9rcoles se oscureci\u00f3 con grandes nubes que ocupaban el cielo alvearense, cerca de las 22:00 comenzaron las fuertes lluvias que se prolongaron hasta la madrugada de esta jornada. En un ahora se registraron 50 mm precipitados en Ciudad.\u00a0<\/span><\/p>\n<p><span style=\"color: #000000;\">En cuanto a las consecuencias que dejaron las abundantes precipitaciones, Javier Velasco se\u00f1al\u00f3 que <strong><em>\u201csi bien junto a personal de Servicios P\u00fablicos se est\u00e1 trabajando en mantener los desagotes limpios para evitar inundaciones, tuvimos inconvenientes en algunas zonas puntuales del departamento\u201d.<\/em><\/strong> Las r\u00e1fagas de viento tambi\u00e9n causaron ca\u00eddas de ramas que interfirieron en el trabajo de las cuadrillas.<\/span><\/p>\n<p><span style=\"color: #000000;\"><strong><em>\u201cJunto al personal de Contingencias Sociales asistimos a una familia del B\u00b0 El Parque, que hab\u00eda sufrido la inundaci\u00f3n de su vivienda\u201d<\/em><\/strong>, destac\u00f3 el director de Defensa Civil y se\u00f1al\u00f3 que <strong><em>\u201csiempre est\u00e1n a disposici\u00f3n las l\u00edneas de emergencia, sobre todo en situaciones como estas\u201d.<\/em><\/strong><\/span><\/p>\n<p><span style=\"color: #000000;\">Tel\u00e9fono Defensa Civil: <strong>2025-668303<\/strong><\/span><\/p>\n","protected":false},"excerpt":{"rendered":"<p>El director de Defensa Civil asegur\u00f3 que en Ciudad precipitaron 80 mm hasta las 7:30 horas de la ma\u00f1ana del jueves. &#8230;<\/p>\n","protected":false},"author":7,"featured_media":132638,"comment_status":"open","ping_status":"open","sticky":false,"template":"","format":"standard","meta":{"footnotes":""},"categories":[5,17],"tags":[],"class_list":["post-132637","post","type-post","status-publish","format-standard","has-post-thumbnail","hentry","category-actualidad","category-clima"],"_links":{"self":[{"href":"https:\/\/vinasfm.com\/noticias\/wp-json\/wp\/v2\/posts\/132637","targetHints":{"allow":["GET"]}}],"collection":[{"href":"https:\/\/vinasfm.com\/noticias\/wp-json\/wp\/v2\/posts"}],"about":[{"href":"https:\/\/vinasfm.com\/noticias\/wp-json\/wp\/v2\/types\/post"}],"author":[{"embeddable":true,"href":"https:\/\/vinasfm.com\/noticias\/wp-json\/wp\/v2\/users\/7"}],"replies":[{"embeddable":true,"href":"https:\/\/vinasfm.com\/noticias\/wp-json\/wp\/v2\/comments?post=132637"}],"version-history":[{"count":1,"href":"https:\/\/vinasfm.com\/noticias\/wp-json\/wp\/v2\/posts\/132637\/revisions"}],"predecessor-version":[{"id":132641,"href":"https:\/\/vinasfm.com\/noticias\/wp-json\/wp\/v2\/posts\/132637\/revisions\/132641"}],"wp:featuredmedia":[{"embeddable":true,"href":"https:\/\/vinasfm.com\/noticias\/wp-json\/wp\/v2\/media\/132638"}],"wp:attachment":[{"href":"https:\/\/vinasfm.com\/noticias\/wp-json\/wp\/v2\/media?parent=132637"}],"wp:term":[{"taxonomy":"category","embeddable":true,"href":"https:\/\/vinasfm.com\/noticias\/wp-json\/wp\/v2\/categories?post=132637"},{"taxonomy":"post_tag","embeddable":true,"href":"https:\/\/vinasfm.com\/noticias\/wp-json\/wp\/v2\/tags?post=132637"}],"curies":[{"name":"wp","href":"https:\/\/api.w.org\/{rel}","templated":true}]}}