{"id":132633,"date":"2024-02-22T08:45:13","date_gmt":"2024-02-22T11:45:13","guid":{"rendered":"https:\/\/vinasfm.com\/noticias\/?p=132633"},"modified":"2024-02-22T11:22:34","modified_gmt":"2024-02-22T14:22:34","slug":"cornejo-confirmo-a-calipo-como-director-de-la-policia","status":"publish","type":"post","link":"https:\/\/vinasfm.com\/noticias\/cornejo-confirmo-a-calipo-como-director-de-la-policia\/","title":{"rendered":"CORNEJO CONFIRM\u00d3 A CALIPO COMO DIRECTOR DE LA POLIC\u00cdA"},"content":{"rendered":"<p><span style=\"color: #000000;\"><strong>El comisario retirado junto a Roberto Favaro se mantienen al frente de la tropa policial. M\u00e1s designaciones en el Ministerio de Seguridad a cargo de Mercedes Rus.<\/strong><\/span><\/p>\n<p><span style=\"color: #000000;\">A trav\u00e9s de un decreto, el gobernador\u00a0<strong>Alfredo Cornejo<\/strong>\u00a0ratific\u00f3 al comisario retirado\u00a0<strong>Marcelo Calipo<\/strong>\u00a0como director general de la\u00a0<strong>Polic\u00eda<\/strong>, tras un d\u00eda donde circularon versiones sobre su salida que, desde el Gobierno, rechazaron de plano.<\/span><\/p>\n<p><span style=\"color: #000000;\">Se trata del decreto 321 que fue publicado este jueves en el\u00a0<strong>Bolet\u00edn Oficial<\/strong>\u00a0y que establece la primera plana del\u00a0<strong>Ministerio de Seguridad<\/strong>\u00a0a cargo de\u00a0<strong>Mercedes Rus<\/strong>, que tambi\u00e9n firma la norma.<\/span><\/p>\n<p><span style=\"color: #000000;\">Calipo aparece nombrado en el art\u00edculo quinto de la norma, y en el siguiente se mencion\u00f3 al comisario retirado\u00a0<strong>Roberto Favaro<\/strong>\u00a0como subdirector. Rus ya hab\u00eda anunciado en enero que los mantendr\u00eda al frente de los uniformados.<\/span><\/p>\n<aside class=\"scaip scaip-1 \"><\/aside>\n<p><span style=\"color: #000000;\">La norma tambi\u00e9n confirma otros cargos ministeriales. Entre ellos, a Marcelo Hugo Penutto como director general de Administraci\u00f3n; a\u00a0<strong>Enrique Eduardo Orellana<\/strong>\u00a0como director general del\u00a0<strong>Servicio Penitenciario<\/strong>; a Mar\u00eda Alejandra Llarena como subdirectora del Servicio Penitenciario.<\/span><\/p>\n<p><span style=\"color: #000000;\">En tanto, a\u00a0<strong>Jos\u00e9 Alejandro Pozzi<\/strong>\u00a0se lo conforma como asesor con funciones en\u00a0<strong>Diversi\u00f3n Nocturna<\/strong>, dependiente de la Direcci\u00f3n General de Relaciones con la Comunidad.<\/span><\/p>\n<p><span style=\"color: #000000;\">Otro que sigue es\u00a0<strong>Adolfo Daniel Burrieza<\/strong>, como director general de\u00a0<strong>Defensa Civil<\/strong>.<\/span><\/p>\n<aside class=\"scaip scaip-2 \"><\/aside>\n<p><span style=\"color: #000000;\">Una pariente del gobernador Rodolfo Suarez tambi\u00e9n ser\u00e1 parte de la estructura pol\u00edtica del ministerio: la ex senadora\u00a0<strong>Milagros Suarez<\/strong>\u00a0fue nombrada como directora de Participaci\u00f3n Comunitaria.<\/span><\/p>\n<p><span style=\"color: #000000;\">En tanto, la doctora Elizabeth Edith Ormezzano quedar\u00e1 al frente de la Direcci\u00f3n de Asistencia a la V\u00edctima.<\/span><\/p>\n","protected":false},"excerpt":{"rendered":"<p>El comisario retirado junto a Roberto Favaro se mantienen al frente de la tropa policial. M\u00e1s designaciones en el Ministerio de &#8230;<\/p>\n","protected":false},"author":7,"featured_media":132634,"comment_status":"open","ping_status":"open","sticky":false,"template":"","format":"standard","meta":{"footnotes":""},"categories":[5,10],"tags":[],"class_list":["post-132633","post","type-post","status-publish","format-standard","has-post-thumbnail","hentry","category-actualidad","category-destacadas"],"_links":{"self":[{"href":"https:\/\/vinasfm.com\/noticias\/wp-json\/wp\/v2\/posts\/132633","targetHints":{"allow":["GET"]}}],"collection":[{"href":"https:\/\/vinasfm.com\/noticias\/wp-json\/wp\/v2\/posts"}],"about":[{"href":"https:\/\/vinasfm.com\/noticias\/wp-json\/wp\/v2\/types\/post"}],"author":[{"embeddable":true,"href":"https:\/\/vinasfm.com\/noticias\/wp-json\/wp\/v2\/users\/7"}],"replies":[{"embeddable":true,"href":"https:\/\/vinasfm.com\/noticias\/wp-json\/wp\/v2\/comments?post=132633"}],"version-history":[{"count":2,"href":"https:\/\/vinasfm.com\/noticias\/wp-json\/wp\/v2\/posts\/132633\/revisions"}],"predecessor-version":[{"id":132662,"href":"https:\/\/vinasfm.com\/noticias\/wp-json\/wp\/v2\/posts\/132633\/revisions\/132662"}],"wp:featuredmedia":[{"embeddable":true,"href":"https:\/\/vinasfm.com\/noticias\/wp-json\/wp\/v2\/media\/132634"}],"wp:attachment":[{"href":"https:\/\/vinasfm.com\/noticias\/wp-json\/wp\/v2\/media?parent=132633"}],"wp:term":[{"taxonomy":"category","embeddable":true,"href":"https:\/\/vinasfm.com\/noticias\/wp-json\/wp\/v2\/categories?post=132633"},{"taxonomy":"post_tag","embeddable":true,"href":"https:\/\/vinasfm.com\/noticias\/wp-json\/wp\/v2\/tags?post=132633"}],"curies":[{"name":"wp","href":"https:\/\/api.w.org\/{rel}","templated":true}]}}