{"id":132626,"date":"2024-02-22T08:29:58","date_gmt":"2024-02-22T11:29:58","guid":{"rendered":"https:\/\/vinasfm.com\/noticias\/?p=132626"},"modified":"2024-02-22T11:05:04","modified_gmt":"2024-02-22T14:05:04","slug":"ultimo-primer-dia-escuelas-y-familias-unidas-acompanando-a-los-jovenes","status":"publish","type":"post","link":"https:\/\/vinasfm.com\/noticias\/ultimo-primer-dia-escuelas-y-familias-unidas-acompanando-a-los-jovenes\/","title":{"rendered":"\u00daLTIMO PRIMER D\u00cdA: ESCUELAS Y FAMILIAS, UNIDAS ACOMPA\u00d1ANDO A LOS J\u00d3VENES"},"content":{"rendered":"<p><span style=\"color: #000000;\"><strong>El gobierno escolar invita a toda la comunidad a dialogar y acompa\u00f1ar a los j\u00f3venes que participen en esta celebraci\u00f3n. La intenci\u00f3n es que el UPD se convierta en una reuni\u00f3n de festejo y sea un lindo recuerdo para los estudiantes que finalizan el nivel secundario.<\/strong><\/span><\/p>\n<p><span style=\"color: #000000;\">La Direcci\u00f3n General de Escuelas (DGE) comenz\u00f3 la campa\u00f1a de concientizaci\u00f3n destinada a estudiantes y familias del \u00faltimo a\u00f1o de nivel secundario para prevenir situaciones inconvenientes en los festejos del llamado \u00faltimo primer d\u00eda (UPD), caracterizado por realizarse la noche previa al comienzo del ciclo lectivo. Por quinto a\u00f1o consecutivo, el gobierno escolar acompa\u00f1a a la comunidad educativa mendocina para la toma de conciencia y reflexi\u00f3n para el cuidado de los estudiantes y evitar que cualquier tipo de exceso los da\u00f1e.<\/span><\/p>\n<p><span style=\"color: #000000;\">Los festejos se instalaron como un ritual entre los alumnos que comienzan el \u00faltimo a\u00f1o de Secundaria pero es necesario darles acompa\u00f1amiento para que se lleve adelante con responsabilidad.<\/span><\/p>\n<p><span style=\"color: #000000;\">El UPD es un d\u00eda muy importante como festejo significativo y memorable, pero es muy importante el di\u00e1logo con los j\u00f3venes y que tanto la escuela como las familias no se desentiendan de las acciones que se realizan en esta celebraci\u00f3n.<\/span><\/p>\n<h2><span style=\"color: #000000;\"><strong>Orientaci\u00f3n de prevenci\u00f3n, cuidado y abordaje en el marco de los festejos del UPD<\/strong><\/span><\/h2>\n<p><span style=\"color: #000000;\">La Subsecretaria de Educaci\u00f3n de la DGE emiti\u00f3 el Memor\u00e1ndum 2024, donde se acompa\u00f1a a las escuelas por si deben actuar ante una situaci\u00f3n emergente producto de este festejo. Los establecimientos cuentan con recursos para trabajar junto a los j\u00f3venes el tema de consumo desde la prevenci\u00f3n y desde la intervenci\u00f3n directa.<\/span><\/p>\n<p><span style=\"color: #000000;\">El memor\u00e1ndum establece que si la escuela se encuentra ante una situaci\u00f3n de intoxicaci\u00f3n de estudiantes dentro de la instituci\u00f3n, se debe activar el protocolo y gu\u00eda de procedimientos ante situaciones emergentes, Decreto 1187\/18, que tiene como objetivo promover el cuidado de los estudiantes.<\/span><\/p>\n<p><span style=\"color: #000000;\">Dialogar, acompa\u00f1ar, asegurarse que reciban atenci\u00f3n m\u00e9dica y contenci\u00f3n familiar son herramientas muy importantes para que entre todos nuestros j\u00f3venes puedan festejar.<\/span><\/p>\n<p><span style=\"color: #000000;\">Adem\u00e1s, el memor\u00e1ndum propone actividades para compartir y generar con los estudiantes,\u00a0por el \u00e1rea de Prevenci\u00f3n del Plan Provincial de Adicciones y el programa de Prevenci\u00f3n de Consumos Problem\u00e1ticos de la Direcci\u00f3n de Acompa\u00f1amiento Escolar.<\/span><\/p>\n","protected":false},"excerpt":{"rendered":"<p>El gobierno escolar invita a toda la comunidad a dialogar y acompa\u00f1ar a los j\u00f3venes que participen en esta celebraci\u00f3n. La &#8230;<\/p>\n","protected":false},"author":7,"featured_media":132627,"comment_status":"open","ping_status":"open","sticky":false,"template":"","format":"standard","meta":{"footnotes":""},"categories":[5,11],"tags":[],"class_list":["post-132626","post","type-post","status-publish","format-standard","has-post-thumbnail","hentry","category-actualidad","category-sociales"],"_links":{"self":[{"href":"https:\/\/vinasfm.com\/noticias\/wp-json\/wp\/v2\/posts\/132626","targetHints":{"allow":["GET"]}}],"collection":[{"href":"https:\/\/vinasfm.com\/noticias\/wp-json\/wp\/v2\/posts"}],"about":[{"href":"https:\/\/vinasfm.com\/noticias\/wp-json\/wp\/v2\/types\/post"}],"author":[{"embeddable":true,"href":"https:\/\/vinasfm.com\/noticias\/wp-json\/wp\/v2\/users\/7"}],"replies":[{"embeddable":true,"href":"https:\/\/vinasfm.com\/noticias\/wp-json\/wp\/v2\/comments?post=132626"}],"version-history":[{"count":2,"href":"https:\/\/vinasfm.com\/noticias\/wp-json\/wp\/v2\/posts\/132626\/revisions"}],"predecessor-version":[{"id":132653,"href":"https:\/\/vinasfm.com\/noticias\/wp-json\/wp\/v2\/posts\/132626\/revisions\/132653"}],"wp:featuredmedia":[{"embeddable":true,"href":"https:\/\/vinasfm.com\/noticias\/wp-json\/wp\/v2\/media\/132627"}],"wp:attachment":[{"href":"https:\/\/vinasfm.com\/noticias\/wp-json\/wp\/v2\/media?parent=132626"}],"wp:term":[{"taxonomy":"category","embeddable":true,"href":"https:\/\/vinasfm.com\/noticias\/wp-json\/wp\/v2\/categories?post=132626"},{"taxonomy":"post_tag","embeddable":true,"href":"https:\/\/vinasfm.com\/noticias\/wp-json\/wp\/v2\/tags?post=132626"}],"curies":[{"name":"wp","href":"https:\/\/api.w.org\/{rel}","templated":true}]}}