{"id":132624,"date":"2024-02-21T19:56:12","date_gmt":"2024-02-21T22:56:12","guid":{"rendered":"https:\/\/vinasfm.com\/noticias\/?p=132624"},"modified":"2024-02-22T11:05:32","modified_gmt":"2024-02-22T14:05:32","slug":"rodolfo-montero-ira-contra-comunidades-religiosas-de-san-rafael-y-alvear-que-no-vacunan-a-sus-ninos","status":"publish","type":"post","link":"https:\/\/vinasfm.com\/noticias\/rodolfo-montero-ira-contra-comunidades-religiosas-de-san-rafael-y-alvear-que-no-vacunan-a-sus-ninos\/","title":{"rendered":"RODOLFO MONTERO IR\u00c1 CONTRA COMUNIDADES RELIGIOSAS DE SAN RAFAEL Y ALVEAR QUE NO VACUNAN A SUS NI\u00d1OS"},"content":{"rendered":"<h4><strong>Al ministro de Salud le preocupa el aumento de padres antivacunas que se niegan a colocarles a sus hijos las del sarampi\u00f3n y VPH. Hay una ley nacional.<\/strong><\/h4>\n<article class=\"article-body first\">\n<div class=\"article-content\">\n<div class=\"cuerpo\" data-twitter-link=\"\">\n<p>Por la raz\u00f3n o por la conveniencia. El\u00a0<strong>ministro de Salud, Rodolfo Montero,\u00a0<\/strong>parece dispuesto a dar la<strong>\u00a0batalla que tenga que dar contra los padres y las comunidades religiosas del Sur que se resisten a vacunar a sus ni\u00f1os contra el sarampi\u00f3n y el VPH<\/strong>. Ante el aumento de esta resistencia, no s\u00f3lo saldr\u00e1 a recordarles que hay una ley nacional que hace obligatorio el calendario de vacunaci\u00f3n, sino que tambi\u00e9n\u00a0<strong>pretende\u00a0<a href=\"https:\/\/www.diariouno.com.ar\/politica\/cornejo-preve-cobrarle-la-atencion-medica-los-conductores-ebrios-que-causen-accidentes-n1293701\" target=\"current\" rel=\"follow noopener\">obligar a esos antivacunas a pagar las atenciones m\u00e9dicas que requieran en hospitales p\u00fablicos.<\/a><\/strong><\/p>\n<\/div>\n<\/div>\n<\/article>\n<article class=\"article-body\">\n<div class=\"article-content\">\n<div class=\"cuerpo\" data-twitter-link=\"\">\n<p>Es que con el\u00a0<strong>Registro Nominal Digital de Vacunaci\u00f3n<\/strong>\u00a0con el que cuenta Mendoza desde julio del 2023, pudieron detectar que\u00a0<strong>hay comunidades religiosas de la zona Sur, precisamente ubicadas en San Rafael y en General Alvear,<\/strong>\u00a0que directamente les\u00a0<strong>niegan el ingreso a los vacunadores a las escuelas privadas que controlan.<\/strong><\/p>\n<p>Y no es s\u00f3lo eso. Hubo padres que sabiendo que los vacunadores volver\u00edan a insistir con la campa\u00f1a de vacunaci\u00f3n, directamente\u00a0<strong>no mandaban a sus hijos a la escuela esos d\u00edas<\/strong>. El mismo registro revel\u00f3 que en esos colegios<strong>\u00a0los d\u00edas de vacunaci\u00f3n el ausentismo trepaba al 30% o el 40% de la matr\u00edcula.<\/strong><\/p>\n<h2>Mitos sexuales y postura anticient\u00edfica<\/h2>\n<p>\u00abViene creciendo mucho la cantidad de personas que se niegan a vacunar a sus hijos. Hay comunidades que\u00a0<strong>por cuestiones religiosas no dejan que los vacunadores ingresen a sus colegios porque creen que si les colocamos la vacuna del VPH estamos promoviendo que esos chicos tengan una iniciaci\u00f3n sexual<\/strong>\u00a0y se resisten\u00bb, ejemplific\u00f3 Montero.<\/p>\n<p>Hoy la mayor\u00a0<strong>preocupaci\u00f3n<\/strong>\u00a0de los profesionales del Ministerio de Salud y del Vacunatorio es que\u00a0<strong>justamente por esa resistencia llegue a estas tierras alg\u00fan caso de sarampi\u00f3n, algo que no se da desde 1998.<\/strong><\/p>\n<p><strong>\u00abSi llegamos a tener un solo caso, eso ya se considera un brote\u00bb<\/strong>, aseguran y ponen de ejemplo que eso ya se dio en otras provincias como es el caso de\u00a0<strong>Salta\u00a0<\/strong>o\u00a0<strong>Buenos Aires<\/strong>, algo que se podr\u00eda haber evitado con\u00a0<strong>la vacuna que existe y es gratuita<\/strong>.<\/p>\n<p>\u00abEntonces adem\u00e1s de recordarles que hay una ley nacional que los obliga, con este proyecto de recupero de las prestaciones que ya enviamos a la Legislatura,\u00a0<strong>les vamos a cobrar la asistencia que requieran si detectamos que deliberadamente se negaron a ser vacunados o a vacunar a sus hijos<\/strong>\u00ab, retruc\u00f3 el ministro. Ese proyecto es parte de la\u00a0<strong>reforma sanitaria<\/strong>\u00a0que ya comenz\u00f3 a tratarse esta semana en la Legislatura.<\/p>\n<h2>Las creencias que afectan al sistema de vacunaci\u00f3n<\/h2>\n<p>La vasta experiencia que le dio haber liderado el proceso de vacunaci\u00f3n contra el Covid, le dio a la titular del Programa Provincial de Inmunizaciones,\u00a0<strong>Iris Aguilar<\/strong>, la capacidad de detectar no s\u00f3lo donde est\u00e1n los\u00a0<strong>grupos antivacunas\u00a0<\/strong>en la provincia, sino tambi\u00e9n conocer los\u00a0<em>argumentos<\/em>\u00a0para ese rechazo, que van desde\u00a0<strong>creencias religiosas hasta rebeliones a supuestos compuestos de las vacunas<\/strong>.<\/p>\n<p>A ese conocimiento, ahora sum\u00f3 los datos indiscutibles que le aporta el Registro Nominal Digital de Vacunaci\u00f3n, por lo que\u00a0<strong>puede incluso anclar las zonas y las comunidades que lideran el rechazo<\/strong>.<\/p>\n<p>\u00abHay\u00a0<strong>adultos a cargos de menores, que pertenecen a grupos antivacunas duros, ya sea por creencias religiosas o de otro tipo<\/strong>, que por falsas noticias que algunos toman como verdaderas o porque creen que algunas enfermedades ya desaparecieron, se niegan a colocar ciertas vacunas. Nuestros vacunadores resisten, pero\u00a0<strong>hemos tenido colegios de San Rafael y Alvear en los que no los dejan entrar, otros en los que directamente no mandan a los chicos a la escuela el d\u00eda de la vacunaci\u00f3n<\/strong>, y si volvemos repiten la falta\u00bb, blanque\u00f3 Aguilar.<\/p>\n<p>Entre las vacunas resistidas aparecen las del\u00a0<strong>sarampi\u00f3n<\/strong>, el\u00a0<strong>VPH<\/strong>, e incluso la del\u00a0<strong>neumococo<\/strong>\u00a0que deben colocarse los adultos mayores, muchos de los cuales\u00a0<strong>terminan con neumon\u00edas graves<\/strong>\u00a0por no haberse colocado la vacuna.<\/p>\n<p>Ahora, con esta estrategia de\u00a0<strong>cobrarles todas las prestaciones que requieran del sistema de salud p\u00fablico<\/strong>, el Gobierno no persigue un fin recaudatorio sino\u00a0<strong>concientizarlos\u00a0<\/strong>de lo grave que puede ser para toda la comunidad el hecho de que se nieguen a vacunarse.<\/p>\n<p>\u00abHay que recordar dos cosas que son clave: primero que\u00a0<strong>es important\u00edsimo que esos padres vacunen a sus hijos para colaborar con aquellos inmunodeprimidos<\/strong>\u00a0que no pueden colocarse esa vacuna, para generar la inmunidad de reba\u00f1o. El\u00a0<strong>sarampi\u00f3n es mucho m\u00e1s contagioso que el Covid<\/strong>. Pero adem\u00e1s hay que insistir en que todas las enfermedades que hoy no vemos\u00a0<strong>sarampi\u00f3n, poliomielitis, difteria, no se ven gracias a la gente que est\u00e1 vacunada, pero si la cobertura de gente vacunada disminuye vamos a volver a tener esas enfermedades<\/strong>\u00ab, lanz\u00f3.<\/p>\n<p>Para graficar la importancia de esa vacunaci\u00f3n, Aguilar apel\u00f3 a lo que ocurri\u00f3 en Buenos Aires ante un\u00a0<strong>brote de sarampi\u00f3n<\/strong>.<\/p>\n<p>\u00abLa vacuna del sarampi\u00f3n es una vacuna viva atenuada y por eso no las pueden recibir ni las embarazadas ni los inmunosuprimidos, entonces\u00a0<strong>todos los que los rodean tienen que estar vacunados para dar inmunidad de reba\u00f1o<\/strong>. Eso no pas\u00f3 en Buenos Aires, en donde\u00a0<strong>una mujer de 52 a\u00f1os que era transplantada renal se contagi\u00f3 de sarampi\u00f3n y muri\u00f3 de una encefalitis<\/strong>\u00a0porque el virus le gener\u00f3 una inflamaci\u00f3n en el cerebro\u00bb.<\/p>\n<\/div>\n<\/div>\n<\/article>\n","protected":false},"excerpt":{"rendered":"<p>Al ministro de Salud le preocupa el aumento de padres antivacunas que se niegan a colocarles a sus hijos las del &#8230;<\/p>\n","protected":false},"author":7,"featured_media":83304,"comment_status":"open","ping_status":"open","sticky":false,"template":"","format":"standard","meta":{"footnotes":""},"categories":[5,15],"tags":[],"class_list":["post-132624","post","type-post","status-publish","format-standard","has-post-thumbnail","hentry","category-actualidad","category-salud"],"_links":{"self":[{"href":"https:\/\/vinasfm.com\/noticias\/wp-json\/wp\/v2\/posts\/132624","targetHints":{"allow":["GET"]}}],"collection":[{"href":"https:\/\/vinasfm.com\/noticias\/wp-json\/wp\/v2\/posts"}],"about":[{"href":"https:\/\/vinasfm.com\/noticias\/wp-json\/wp\/v2\/types\/post"}],"author":[{"embeddable":true,"href":"https:\/\/vinasfm.com\/noticias\/wp-json\/wp\/v2\/users\/7"}],"replies":[{"embeddable":true,"href":"https:\/\/vinasfm.com\/noticias\/wp-json\/wp\/v2\/comments?post=132624"}],"version-history":[{"count":2,"href":"https:\/\/vinasfm.com\/noticias\/wp-json\/wp\/v2\/posts\/132624\/revisions"}],"predecessor-version":[{"id":132654,"href":"https:\/\/vinasfm.com\/noticias\/wp-json\/wp\/v2\/posts\/132624\/revisions\/132654"}],"wp:featuredmedia":[{"embeddable":true,"href":"https:\/\/vinasfm.com\/noticias\/wp-json\/wp\/v2\/media\/83304"}],"wp:attachment":[{"href":"https:\/\/vinasfm.com\/noticias\/wp-json\/wp\/v2\/media?parent=132624"}],"wp:term":[{"taxonomy":"category","embeddable":true,"href":"https:\/\/vinasfm.com\/noticias\/wp-json\/wp\/v2\/categories?post=132624"},{"taxonomy":"post_tag","embeddable":true,"href":"https:\/\/vinasfm.com\/noticias\/wp-json\/wp\/v2\/tags?post=132624"}],"curies":[{"name":"wp","href":"https:\/\/api.w.org\/{rel}","templated":true}]}}