{"id":132575,"date":"2024-02-21T07:55:14","date_gmt":"2024-02-21T10:55:14","guid":{"rendered":"https:\/\/vinasfm.com\/noticias\/?p=132575"},"modified":"2024-02-21T10:19:15","modified_gmt":"2024-02-21T13:19:15","slug":"convenio-por-recuperacion-de-pozos-de-riego","status":"publish","type":"post","link":"https:\/\/vinasfm.com\/noticias\/convenio-por-recuperacion-de-pozos-de-riego\/","title":{"rendered":"SE REALIZ\u00d3 EL CONVENIO POR RECUPERACI\u00d3N DE POZOS DE RIEGO"},"content":{"rendered":"<h4><strong>El municipio contin\u00faa trabajando en el marco del Programa de recuperaci\u00f3n de perforaci\u00f3n y bombas de riego, en esta ocasi\u00f3n y por segunda vez desde la Secretar\u00eda de Desarrollo Econ\u00f3mico de la Municipalidad se hace un aporte de $450.000 al Consorcio \u201c15 de febrero\u201d del paraje Poste de Hierro.<\/strong><\/h4>\n<p>El objetivo de este convenio es trabajar sobre el desarrollo de la oferta del agua; los fondos municipales son en concepto de aporte no reembolsable (ANR).<\/p>\n<p>El Consorcio beneficiado est\u00e1 compuesto por 6 productores de la calle \u00d1\u00a0del paraje Poste de Hierro en el cual se favorecen m\u00e1s de 200ha de distintos cultivos de la zona. <em><strong>\u201cseguimos apostando a este tipo de ayudas que hacen un poco al desarrollo del departamento es en la zona de la Marzolina, comprendido por la calle N y 5, este aporte que entregamos hoy alcanza para el 50% del total de la perforaci\u00f3n, pero lo m\u00e1s importante es el aporte que hacen los agricultores, ellos son los verdaderos protagonistas\u201d<\/strong><\/em> explic\u00f3 Hugo Molina, Secretario de Desarrollo Econ\u00f3mico.<\/p>\n<p>Por su parte el agricultor Orlando Burzichelli del Consorcio dijo <em><strong>\u201cquiero agradecer a la comuna por el aporte realizado, porque ya sabemos que se pone siempre dif\u00edcil a los agricultores terminar de arreglar un pozo que es bastante costoso\u201d<\/strong><\/em>.<\/p>\n<p><em><strong>\u201cEse pozo se hizo en el a\u00f1o 71, tuvimos varios problemas y adem\u00e1s sufrimos robos de cables y otras cosas, lo fuimos arreglando con los socios, pero ahora est\u00e1 dif\u00edcil es por eso que presentamos el proyecto y la Municipalidad respondi\u00f3 muy bien. Son m\u00e1s de 200ha las que se ven favorecidas con diferentes cultivos, ciruelas, uvas, pasturas, un poco de verdura\u201d<\/strong><\/em> finaliz\u00f3 Burzichelli<\/p>\n","protected":false},"excerpt":{"rendered":"<p>El municipio contin\u00faa trabajando en el marco del Programa de recuperaci\u00f3n de perforaci\u00f3n y bombas de riego, en esta ocasi\u00f3n y &#8230;<\/p>\n","protected":false},"author":7,"featured_media":132576,"comment_status":"open","ping_status":"open","sticky":false,"template":"","format":"standard","meta":{"footnotes":""},"categories":[5,14],"tags":[],"class_list":["post-132575","post","type-post","status-publish","format-standard","has-post-thumbnail","hentry","category-actualidad","category-agro"],"_links":{"self":[{"href":"https:\/\/vinasfm.com\/noticias\/wp-json\/wp\/v2\/posts\/132575","targetHints":{"allow":["GET"]}}],"collection":[{"href":"https:\/\/vinasfm.com\/noticias\/wp-json\/wp\/v2\/posts"}],"about":[{"href":"https:\/\/vinasfm.com\/noticias\/wp-json\/wp\/v2\/types\/post"}],"author":[{"embeddable":true,"href":"https:\/\/vinasfm.com\/noticias\/wp-json\/wp\/v2\/users\/7"}],"replies":[{"embeddable":true,"href":"https:\/\/vinasfm.com\/noticias\/wp-json\/wp\/v2\/comments?post=132575"}],"version-history":[{"count":2,"href":"https:\/\/vinasfm.com\/noticias\/wp-json\/wp\/v2\/posts\/132575\/revisions"}],"predecessor-version":[{"id":132578,"href":"https:\/\/vinasfm.com\/noticias\/wp-json\/wp\/v2\/posts\/132575\/revisions\/132578"}],"wp:featuredmedia":[{"embeddable":true,"href":"https:\/\/vinasfm.com\/noticias\/wp-json\/wp\/v2\/media\/132576"}],"wp:attachment":[{"href":"https:\/\/vinasfm.com\/noticias\/wp-json\/wp\/v2\/media?parent=132575"}],"wp:term":[{"taxonomy":"category","embeddable":true,"href":"https:\/\/vinasfm.com\/noticias\/wp-json\/wp\/v2\/categories?post=132575"},{"taxonomy":"post_tag","embeddable":true,"href":"https:\/\/vinasfm.com\/noticias\/wp-json\/wp\/v2\/tags?post=132575"}],"curies":[{"name":"wp","href":"https:\/\/api.w.org\/{rel}","templated":true}]}}