{"id":132572,"date":"2024-02-20T12:01:18","date_gmt":"2024-02-20T15:01:18","guid":{"rendered":"https:\/\/vinasfm.com\/noticias\/?p=132572"},"modified":"2024-02-21T10:20:25","modified_gmt":"2024-02-21T13:20:25","slug":"defensa-civil-continua-con-los-trabajos-de-desinfeccion-de-escuelas","status":"publish","type":"post","link":"https:\/\/vinasfm.com\/noticias\/defensa-civil-continua-con-los-trabajos-de-desinfeccion-de-escuelas\/","title":{"rendered":"DEFENSA CIVIL CONTIN\u00daA CON LOS TRABAJOS DE DESINFECCI\u00d3N DE ESCUELAS"},"content":{"rendered":"<p><strong>Se contin\u00faa con los Operativos de fumigaci\u00f3n en diferentes Escuelas del departamento, en esta ocasi\u00f3n la Direcci\u00f3n de Defensa Civil estuvo trabajando en Ciudad en la escuela Carlos Mar\u00eda de Alvear.<\/strong><\/p>\n<p>Los trabajos se realizan coordinando con gente del ISCAMEN y la Delegaci\u00f3n de la DGE regional Sur que se encargan de la log\u00edstica. Hasta el momento se han hecho casi 120 colegios en lo que es Parajes, Distrito y Ciudad.<\/p>\n<p><strong><em>\u201cEst\u00e1n quedando algunos jardines maternales, hemos hablado con AMAF para visitar los establecimientos que est\u00e1n bajo su \u00f3rbita y as\u00ed poder culminar con esta tarea para el inicio de clases\u201d<\/em><\/strong> explic\u00f3 Javier Velasco, Director de Defensa Civil<\/p>\n<p>La metodolog\u00eda de trabajo explic\u00f3 el funcionario:<strong><em> \u201cNosotros fumigamos fuera de los colegios y el ISCAMEN se encarga de todo el interior de la escuela. Lo que se usa es un fumigante que no es peligroso ni para los ni\u00f1os, ni para los animales. Tambi\u00e9n estamos haciendo algunos casos puntuales, como instituciones o casas particulares de vecinos que necesiten, para eso deben presentar una nota en la oficina de la Direcci\u00f3n de Defensa Civil y nosotros organizamos en d\u00eda\u201d.<\/em><\/strong><\/p>\n","protected":false},"excerpt":{"rendered":"<p>Se contin\u00faa con los Operativos de fumigaci\u00f3n en diferentes Escuelas del departamento, en esta ocasi\u00f3n la Direcci\u00f3n de Defensa Civil estuvo &#8230;<\/p>\n","protected":false},"author":7,"featured_media":132573,"comment_status":"open","ping_status":"open","sticky":false,"template":"","format":"standard","meta":{"footnotes":""},"categories":[5],"tags":[],"class_list":["post-132572","post","type-post","status-publish","format-standard","has-post-thumbnail","hentry","category-actualidad"],"_links":{"self":[{"href":"https:\/\/vinasfm.com\/noticias\/wp-json\/wp\/v2\/posts\/132572","targetHints":{"allow":["GET"]}}],"collection":[{"href":"https:\/\/vinasfm.com\/noticias\/wp-json\/wp\/v2\/posts"}],"about":[{"href":"https:\/\/vinasfm.com\/noticias\/wp-json\/wp\/v2\/types\/post"}],"author":[{"embeddable":true,"href":"https:\/\/vinasfm.com\/noticias\/wp-json\/wp\/v2\/users\/7"}],"replies":[{"embeddable":true,"href":"https:\/\/vinasfm.com\/noticias\/wp-json\/wp\/v2\/comments?post=132572"}],"version-history":[{"count":2,"href":"https:\/\/vinasfm.com\/noticias\/wp-json\/wp\/v2\/posts\/132572\/revisions"}],"predecessor-version":[{"id":132613,"href":"https:\/\/vinasfm.com\/noticias\/wp-json\/wp\/v2\/posts\/132572\/revisions\/132613"}],"wp:featuredmedia":[{"embeddable":true,"href":"https:\/\/vinasfm.com\/noticias\/wp-json\/wp\/v2\/media\/132573"}],"wp:attachment":[{"href":"https:\/\/vinasfm.com\/noticias\/wp-json\/wp\/v2\/media?parent=132572"}],"wp:term":[{"taxonomy":"category","embeddable":true,"href":"https:\/\/vinasfm.com\/noticias\/wp-json\/wp\/v2\/categories?post=132572"},{"taxonomy":"post_tag","embeddable":true,"href":"https:\/\/vinasfm.com\/noticias\/wp-json\/wp\/v2\/tags?post=132572"}],"curies":[{"name":"wp","href":"https:\/\/api.w.org\/{rel}","templated":true}]}}