{"id":132554,"date":"2024-02-20T10:05:02","date_gmt":"2024-02-20T13:05:02","guid":{"rendered":"https:\/\/vinasfm.com\/noticias\/?p=132554"},"modified":"2024-02-21T09:01:47","modified_gmt":"2024-02-21T12:01:47","slug":"un-choque-en-cadena-ocurrio-en-la-zona-de-la-guevarina","status":"publish","type":"post","link":"https:\/\/vinasfm.com\/noticias\/un-choque-en-cadena-ocurrio-en-la-zona-de-la-guevarina\/","title":{"rendered":"UN CHOQUE EN CADENA OCURRI\u00d3 EN LA ZONA DE LA GUEVARINA"},"content":{"rendered":"<p><strong><span style=\"color: #000000;\">Personal policial trabaj\u00f3 en un accidente en cadena con lesionados leves.<\/span><\/strong><\/p>\n<p><span style=\"color: #000000;\">Ocurri\u00f3 en el medio d\u00eda del lunes en la zona de La Guevarina, donde inicia el Puente del R\u00edo. Hay tres veh\u00edculos involucrados en el siniestro vial: VW Voyage, Toyota Corolla, Dodge 1500. Se reportaron 4 lesionados, un mayor y dos menores trasladados a Hospital Shestacow y un mayor al nosocomio local.<\/span><\/p>\n<p><a href=\"https:\/\/vinasfm.com\/noticias\/wp-content\/uploads\/2024\/02\/65d3704d4dc44_953_536.webp\"><img loading=\"lazy\" decoding=\"async\" class=\"alignnone wp-image-132559\" src=\"https:\/\/vinasfm.com\/noticias\/wp-content\/uploads\/2024\/02\/65d3704d4dc44_953_536.webp\" alt=\"\" width=\"444\" height=\"250\" srcset=\"https:\/\/vinasfm.com\/noticias\/wp-content\/uploads\/2024\/02\/65d3704d4dc44_953_536.webp 953w, https:\/\/vinasfm.com\/noticias\/wp-content\/uploads\/2024\/02\/65d3704d4dc44_953_536-300x169.webp 300w, https:\/\/vinasfm.com\/noticias\/wp-content\/uploads\/2024\/02\/65d3704d4dc44_953_536-768x432.webp 768w, https:\/\/vinasfm.com\/noticias\/wp-content\/uploads\/2024\/02\/65d3704d4dc44_953_536-750x420.webp 750w\" sizes=\"auto, (max-width: 444px) 100vw, 444px\" \/><\/a> <a href=\"https:\/\/vinasfm.com\/noticias\/wp-content\/uploads\/2024\/02\/65d370613c28b_700_560.webp\"><img loading=\"lazy\" decoding=\"async\" class=\"alignnone wp-image-132560\" src=\"https:\/\/vinasfm.com\/noticias\/wp-content\/uploads\/2024\/02\/65d370613c28b_700_560.webp\" alt=\"\" width=\"313\" height=\"250\" srcset=\"https:\/\/vinasfm.com\/noticias\/wp-content\/uploads\/2024\/02\/65d370613c28b_700_560.webp 700w, https:\/\/vinasfm.com\/noticias\/wp-content\/uploads\/2024\/02\/65d370613c28b_700_560-300x240.webp 300w\" sizes=\"auto, (max-width: 313px) 100vw, 313px\" \/><\/a><\/p>\n<p>&nbsp;<\/p>\n","protected":false},"excerpt":{"rendered":"<p>Personal policial trabaj\u00f3 en un accidente en cadena con lesionados leves. Ocurri\u00f3 en el medio d\u00eda del lunes en la zona &#8230;<\/p>\n","protected":false},"author":7,"featured_media":132555,"comment_status":"open","ping_status":"open","sticky":false,"template":"","format":"standard","meta":{"footnotes":""},"categories":[5,4],"tags":[],"class_list":["post-132554","post","type-post","status-publish","format-standard","has-post-thumbnail","hentry","category-actualidad","category-policiales"],"_links":{"self":[{"href":"https:\/\/vinasfm.com\/noticias\/wp-json\/wp\/v2\/posts\/132554","targetHints":{"allow":["GET"]}}],"collection":[{"href":"https:\/\/vinasfm.com\/noticias\/wp-json\/wp\/v2\/posts"}],"about":[{"href":"https:\/\/vinasfm.com\/noticias\/wp-json\/wp\/v2\/types\/post"}],"author":[{"embeddable":true,"href":"https:\/\/vinasfm.com\/noticias\/wp-json\/wp\/v2\/users\/7"}],"replies":[{"embeddable":true,"href":"https:\/\/vinasfm.com\/noticias\/wp-json\/wp\/v2\/comments?post=132554"}],"version-history":[{"count":3,"href":"https:\/\/vinasfm.com\/noticias\/wp-json\/wp\/v2\/posts\/132554\/revisions"}],"predecessor-version":[{"id":132562,"href":"https:\/\/vinasfm.com\/noticias\/wp-json\/wp\/v2\/posts\/132554\/revisions\/132562"}],"wp:featuredmedia":[{"embeddable":true,"href":"https:\/\/vinasfm.com\/noticias\/wp-json\/wp\/v2\/media\/132555"}],"wp:attachment":[{"href":"https:\/\/vinasfm.com\/noticias\/wp-json\/wp\/v2\/media?parent=132554"}],"wp:term":[{"taxonomy":"category","embeddable":true,"href":"https:\/\/vinasfm.com\/noticias\/wp-json\/wp\/v2\/categories?post=132554"},{"taxonomy":"post_tag","embeddable":true,"href":"https:\/\/vinasfm.com\/noticias\/wp-json\/wp\/v2\/tags?post=132554"}],"curies":[{"name":"wp","href":"https:\/\/api.w.org\/{rel}","templated":true}]}}