{"id":132341,"date":"2024-02-09T19:30:32","date_gmt":"2024-02-09T22:30:32","guid":{"rendered":"https:\/\/vinasfm.com\/noticias\/?p=132341"},"modified":"2024-02-13T08:51:25","modified_gmt":"2024-02-13T11:51:25","slug":"vendimia-2024-ya-estan-confirmados-los-artistas-para-las-tres-noches","status":"publish","type":"post","link":"https:\/\/vinasfm.com\/noticias\/vendimia-2024-ya-estan-confirmados-los-artistas-para-las-tres-noches\/","title":{"rendered":"VENDIMIA 2024: YA EST\u00c1N CONFIRMADOS LOS ARTISTAS PARA LAS TRES NOCHES"},"content":{"rendered":"<p><strong>Ciro y Los Persas y La Delio Valdez ser\u00e1n los artistas que cierren la segunda y tercera noche de la Fiesta Nacional de la Vendimia 2024.<\/strong><\/p>\n<p>Durante tres noches, desde las 22, el Teatro Griego Frank Romero Day es el escenario mayor de Mendoza y la casa de la Fiesta Nacional de la Vendimia. All\u00ed, el espect\u00e1culo Coronados de historia y futuro tendr\u00e1 su estreno el s\u00e1bado 2 de marzo, noche en la que tambi\u00e9n se llevar\u00e1 a cabo la elecci\u00f3n y coronaci\u00f3n de la soberana nacional.<\/p>\n<p>Las siguientes dos noches, posterior a la puesta escena del espect\u00e1culos art\u00edstico, como es habitual, actuar\u00e1n artistas mendocinos y, en el cierre, bandas nacionales de gran convocatoria.<\/p>\n<h2>Acto Central<\/h2>\n<p>En la previa de la puesta en escena de Coronados de historia y futuro estar\u00e1n la cantora juninense Gabriela Fern\u00e1ndez y la banda La Rienda Folklore. Tambi\u00e9n esa noche se sumar\u00e1 Marcos V\u00e1zquez, un bailar\u00edn, orgullo mendocino, recientemente seleccionado como Campe\u00f3n Argentino de Malambo en el Festival Nacional de Malambo Laborde 2024.<\/p>\n<h2>Primera repetici\u00f3n<\/h2>\n<p>El \u00c1lamo y Alejo y Valent\u00edn ser\u00e1n los encargados de abrir musicalmente el domingo 3 de marzo.<\/p>\n<p>El \u00c1lamo es una banda de rock oriunda de Luj\u00e1n de Cuyo y est\u00e1 integrada por Coco Cabrini (guitarra y voz), Dr. Gato Fern\u00e1ndez (bajo y coros), Lofa P\u00e9rez (teclados), Emi Hern\u00e1ndez (guitarra l\u00edder) y Didier Turello (bater\u00eda).<\/p>\n<p>Alejo y Valent\u00edn es una de la propuesta rockeras mendocinas de mayor crecimiento en los \u00faltimos tiempos. Alejo Llanes y Valent\u00edn Castro -de 22 a\u00f1os- integran su proyecto desde la ni\u00f1ez, son oriundos de Mendoza y han compartido escenario con artistas de la talla de Fito P\u00e1ez.<\/p>\n<p><a href=\"https:\/\/vinasfm.com\/noticias\/wp-content\/uploads\/2024\/02\/WhatsApp-Image-2024-02-09-at-19.14.38-700x481-1.jpeg\"><img loading=\"lazy\" decoding=\"async\" class=\"alignnone size-medium wp-image-132343\" src=\"https:\/\/vinasfm.com\/noticias\/wp-content\/uploads\/2024\/02\/WhatsApp-Image-2024-02-09-at-19.14.38-700x481-1-300x206.jpeg\" alt=\"\" width=\"300\" height=\"206\" srcset=\"https:\/\/vinasfm.com\/noticias\/wp-content\/uploads\/2024\/02\/WhatsApp-Image-2024-02-09-at-19.14.38-700x481-1-300x206.jpeg 300w, https:\/\/vinasfm.com\/noticias\/wp-content\/uploads\/2024\/02\/WhatsApp-Image-2024-02-09-at-19.14.38-700x481-1.jpeg 700w\" sizes=\"auto, (max-width: 300px) 100vw, 300px\" \/><\/a><\/p>\n<p>Finalizada la segunda puesta en escena del espect\u00e1culo art\u00edstico, Ciro y Los Persas se apoderar\u00e1n del escenario. Andr\u00e9s Ciro Mart\u00ednez y su banda subir\u00e1n al Teatro Griego Frank Romero Day, para desplegar su extenso repertorio con el p\u00fablico. Es considerado como uno de los mejores grupos de rock de Argentina en la actualidad.<\/p>\n<h2>Segunda repetici\u00f3n<\/h2>\n<p>El lunes habr\u00e1 una presencia especial sobre el escenario: Las Navarro presentan Cuyanas, con las voces de Mabel Quiroga, Celeste Fredes, Andrea Leguizam\u00f3n, Yolanda Navarro y Carla Navarro.<\/p>\n<p>Posteriormente ser\u00e1 el momento de Cuarto Creciente, un grupo mendocino de m\u00fasica folcl\u00f3rica que interpreta distintos ritmos de regiones de la Argentina.<\/p>\n<p>Tambi\u00e9n estar\u00e1 Federico Sosa quien recientemente se consagr\u00f3 ganador del Pre Cosqu\u00edn 2024 en la categor\u00eda solista de malambo.<\/p>\n<p><a href=\"https:\/\/vinasfm.com\/noticias\/wp-content\/uploads\/2024\/02\/Delio-700x470-1.jpg\"><img loading=\"lazy\" decoding=\"async\" class=\"alignnone size-medium wp-image-132342\" src=\"https:\/\/vinasfm.com\/noticias\/wp-content\/uploads\/2024\/02\/Delio-700x470-1-300x201.jpg\" alt=\"\" width=\"300\" height=\"201\" srcset=\"https:\/\/vinasfm.com\/noticias\/wp-content\/uploads\/2024\/02\/Delio-700x470-1-300x201.jpg 300w, https:\/\/vinasfm.com\/noticias\/wp-content\/uploads\/2024\/02\/Delio-700x470-1.jpg 700w\" sizes=\"auto, (max-width: 300px) 100vw, 300px\" \/><\/a><\/p>\n<p>En tanto, el cierre de la tercera y \u00faltima noche, estar\u00e1 a cargo de la reconocida banda La Delio Valdez, una de las agrupaciones m\u00e1s populares del momento, mostrando en cada presentaci\u00f3n una Latinoam\u00e9rica en clave musical, combinando lo el\u00e9ctrico y lo ac\u00fastico. En su sonoridad variada se funden recursos de la tradici\u00f3n andina, la salsa, el rock, el jazz y el reggae para dar lugar a un estilo a la vez tradicional y moderno, con un sonido internacional y contempor\u00e1neo donde se reflejan las identidades mestizas de la regi\u00f3n.<\/p>\n","protected":false},"excerpt":{"rendered":"<p>Ciro y Los Persas y La Delio Valdez ser\u00e1n los artistas que cierren la segunda y tercera noche de la Fiesta &#8230;<\/p>\n","protected":false},"author":7,"featured_media":132344,"comment_status":"open","ping_status":"open","sticky":false,"template":"","format":"standard","meta":{"footnotes":""},"categories":[5,25],"tags":[],"class_list":["post-132341","post","type-post","status-publish","format-standard","has-post-thumbnail","hentry","category-actualidad","category-vendimia"],"_links":{"self":[{"href":"https:\/\/vinasfm.com\/noticias\/wp-json\/wp\/v2\/posts\/132341","targetHints":{"allow":["GET"]}}],"collection":[{"href":"https:\/\/vinasfm.com\/noticias\/wp-json\/wp\/v2\/posts"}],"about":[{"href":"https:\/\/vinasfm.com\/noticias\/wp-json\/wp\/v2\/types\/post"}],"author":[{"embeddable":true,"href":"https:\/\/vinasfm.com\/noticias\/wp-json\/wp\/v2\/users\/7"}],"replies":[{"embeddable":true,"href":"https:\/\/vinasfm.com\/noticias\/wp-json\/wp\/v2\/comments?post=132341"}],"version-history":[{"count":2,"href":"https:\/\/vinasfm.com\/noticias\/wp-json\/wp\/v2\/posts\/132341\/revisions"}],"predecessor-version":[{"id":132383,"href":"https:\/\/vinasfm.com\/noticias\/wp-json\/wp\/v2\/posts\/132341\/revisions\/132383"}],"wp:featuredmedia":[{"embeddable":true,"href":"https:\/\/vinasfm.com\/noticias\/wp-json\/wp\/v2\/media\/132344"}],"wp:attachment":[{"href":"https:\/\/vinasfm.com\/noticias\/wp-json\/wp\/v2\/media?parent=132341"}],"wp:term":[{"taxonomy":"category","embeddable":true,"href":"https:\/\/vinasfm.com\/noticias\/wp-json\/wp\/v2\/categories?post=132341"},{"taxonomy":"post_tag","embeddable":true,"href":"https:\/\/vinasfm.com\/noticias\/wp-json\/wp\/v2\/tags?post=132341"}],"curies":[{"name":"wp","href":"https:\/\/api.w.org\/{rel}","templated":true}]}}