{"id":132331,"date":"2024-02-09T11:15:35","date_gmt":"2024-02-09T14:15:35","guid":{"rendered":"https:\/\/vinasfm.com\/noticias\/?p=132331"},"modified":"2024-02-10T10:26:36","modified_gmt":"2024-02-10T13:26:36","slug":"el-gabinete-de-la-produccion-y-una-intensa-agenda-de-trabajo-en-alvear","status":"publish","type":"post","link":"https:\/\/vinasfm.com\/noticias\/el-gabinete-de-la-produccion-y-una-intensa-agenda-de-trabajo-en-alvear\/","title":{"rendered":"EL GABINETE DE LA PRODUCCI\u00d3N Y UNA INTENSA AGENDA DE TRABAJO EN ALVEAR"},"content":{"rendered":"<p><span style=\"color: #000000;\"><strong>El gabinete del Ministerio de la Producci\u00f3n desarroll\u00f3 ayer una intensa agenda de trabajo en esta ciudad, con el fin de tomar contacto directo con instituciones y actores ligados a los sectores productivos.<\/strong><\/span><\/p>\n<p><span style=\"color: #000000;\">Gran parte del trabajo se desarroll\u00f3 en la comuna donde los equipos t\u00e9cnicos de la comuna y de esa cartera se reunieron, tal cual se hab\u00eda acordado el fin de semana pasado cuando lleg\u00f3 el titular del Ministerio Rodolfo Vargas Arizu.<strong><em> \u201cHablamos sobre el desarrollo hort\u00edcola con base fundamentalmente en el tomate y verduras de hoja, tambi\u00e9n sobre la tecnificaci\u00f3n de riego\u201d<\/em><\/strong>, explic\u00f3 el Intendente Alejandro Molero.<\/span><\/p>\n<p><span style=\"color: #000000;\">Andr\u00e9s Vavrik, referente de este ministerio en la zona sur, declar\u00f3 a los medios de prensa que el objetivo de la visita es trabajar en conjunto con el Ministerio de Producci\u00f3n y las autoridades locales para fortalecer el sector productivo de la provincia, especialmente en el sur y en el caso espec\u00edfico de Alvear. <strong><em>\u201cTambi\u00e9n se busca ampliar la matriz productiva m\u00e1s all\u00e1 de la viticultura, fruticultura y ganader\u00eda, incluyendo la horticultura\u201d<\/em><\/strong>, remarc\u00f3.<\/span><\/p>\n<p><span style=\"color: #000000;\">El Director General de Desarrollo Productivo Mauricio Pinti Clop, sostuvo que el objetivo es interactuar con el Intendente y las \u00e1reas pertinentes que llevan tareas similares para trabajar en conjunto con el Ministerio de Producci\u00f3n.<\/span><br \/>\n<span style=\"color: #000000;\">\u201c<em><strong>Venimos de un c\u00famulo de buenos gobiernos, por lo cual eso nos ha ayudado a que esta situaci\u00f3n econ\u00f3mica no nos golpee tan fuerte como s\u00ed lo ha hecho con otras provincias\u201d<\/strong><\/em>, afirm\u00f3.<\/span><\/p>\n<p><span style=\"color: #000000;\">Seguido dijo que buscan ampliar la matriz productiva del sur <strong><em>\u201cy en particular Alvear para ampliar m\u00e1s all\u00e1 de lo que es viticultura o fruticultura, y ganader\u00eda, lo que es hortaliza tambi\u00e9n aportar un poco de informaci\u00f3n y an\u00e1lisis t\u00e9cnico para que tomemos las mejores decisiones\u201d<\/em><\/strong>, culmin\u00f3.<\/span><\/p>\n","protected":false},"excerpt":{"rendered":"<p>El gabinete del Ministerio de la Producci\u00f3n desarroll\u00f3 ayer una intensa agenda de trabajo en esta ciudad, con el fin de &#8230;<\/p>\n","protected":false},"author":7,"featured_media":132332,"comment_status":"open","ping_status":"open","sticky":false,"template":"","format":"standard","meta":{"footnotes":""},"categories":[5,77],"tags":[],"class_list":["post-132331","post","type-post","status-publish","format-standard","has-post-thumbnail","hentry","category-actualidad","category-gobierno"],"_links":{"self":[{"href":"https:\/\/vinasfm.com\/noticias\/wp-json\/wp\/v2\/posts\/132331","targetHints":{"allow":["GET"]}}],"collection":[{"href":"https:\/\/vinasfm.com\/noticias\/wp-json\/wp\/v2\/posts"}],"about":[{"href":"https:\/\/vinasfm.com\/noticias\/wp-json\/wp\/v2\/types\/post"}],"author":[{"embeddable":true,"href":"https:\/\/vinasfm.com\/noticias\/wp-json\/wp\/v2\/users\/7"}],"replies":[{"embeddable":true,"href":"https:\/\/vinasfm.com\/noticias\/wp-json\/wp\/v2\/comments?post=132331"}],"version-history":[{"count":1,"href":"https:\/\/vinasfm.com\/noticias\/wp-json\/wp\/v2\/posts\/132331\/revisions"}],"predecessor-version":[{"id":132333,"href":"https:\/\/vinasfm.com\/noticias\/wp-json\/wp\/v2\/posts\/132331\/revisions\/132333"}],"wp:featuredmedia":[{"embeddable":true,"href":"https:\/\/vinasfm.com\/noticias\/wp-json\/wp\/v2\/media\/132332"}],"wp:attachment":[{"href":"https:\/\/vinasfm.com\/noticias\/wp-json\/wp\/v2\/media?parent=132331"}],"wp:term":[{"taxonomy":"category","embeddable":true,"href":"https:\/\/vinasfm.com\/noticias\/wp-json\/wp\/v2\/categories?post=132331"},{"taxonomy":"post_tag","embeddable":true,"href":"https:\/\/vinasfm.com\/noticias\/wp-json\/wp\/v2\/tags?post=132331"}],"curies":[{"name":"wp","href":"https:\/\/api.w.org\/{rel}","templated":true}]}}