{"id":132317,"date":"2024-02-09T08:59:02","date_gmt":"2024-02-09T11:59:02","guid":{"rendered":"https:\/\/vinasfm.com\/noticias\/?p=132317"},"modified":"2024-02-09T08:59:02","modified_gmt":"2024-02-09T11:59:02","slug":"asi-funcionara-el-comercio-durante-el-fin-de-semana-de-carnaval","status":"publish","type":"post","link":"https:\/\/vinasfm.com\/noticias\/asi-funcionara-el-comercio-durante-el-fin-de-semana-de-carnaval\/","title":{"rendered":"AS\u00cd FUNCIONAR\u00c1 EL COMERCIO DURANTE EL FIN DE SEMANA DE CARNAVAL"},"content":{"rendered":"<p><strong><span style=\"color: #000000;\">Desde la C\u00e1mara de Comercio emitieron un comunicado indicando que los comercios podr\u00e1n abrir sus puertas si as\u00ed lo desean.\u00a0<\/span><\/strong><\/p>\n<p><span style=\"color: #000000;\">El pr\u00f3ximo lunes 12 y martes 13 de febrero es la celebraci\u00f3n de Carnaval y seg\u00fan lo establece la Ley 27.399 (de Establecimiento de feriados y fines de semanas largos), ambos d\u00edas son Feriados Nacionales por lo que rigen las condiciones del descanso dominical.<\/span><\/p>\n<p><span style=\"color: #000000;\">La decisi\u00f3n de mantener la atenci\u00f3n al p\u00fablico con normalidad o sumarse al feriado, queda a criterio de cada comerciante.<\/span><\/p>\n","protected":false},"excerpt":{"rendered":"<p>Desde la C\u00e1mara de Comercio emitieron un comunicado indicando que los comercios podr\u00e1n abrir sus puertas si as\u00ed lo desean.\u00a0 El &#8230;<\/p>\n","protected":false},"author":7,"featured_media":132318,"comment_status":"open","ping_status":"open","sticky":false,"template":"","format":"standard","meta":{"footnotes":""},"categories":[1],"tags":[],"class_list":["post-132317","post","type-post","status-publish","format-standard","has-post-thumbnail","hentry","category-fmvinas"],"_links":{"self":[{"href":"https:\/\/vinasfm.com\/noticias\/wp-json\/wp\/v2\/posts\/132317","targetHints":{"allow":["GET"]}}],"collection":[{"href":"https:\/\/vinasfm.com\/noticias\/wp-json\/wp\/v2\/posts"}],"about":[{"href":"https:\/\/vinasfm.com\/noticias\/wp-json\/wp\/v2\/types\/post"}],"author":[{"embeddable":true,"href":"https:\/\/vinasfm.com\/noticias\/wp-json\/wp\/v2\/users\/7"}],"replies":[{"embeddable":true,"href":"https:\/\/vinasfm.com\/noticias\/wp-json\/wp\/v2\/comments?post=132317"}],"version-history":[{"count":1,"href":"https:\/\/vinasfm.com\/noticias\/wp-json\/wp\/v2\/posts\/132317\/revisions"}],"predecessor-version":[{"id":132319,"href":"https:\/\/vinasfm.com\/noticias\/wp-json\/wp\/v2\/posts\/132317\/revisions\/132319"}],"wp:featuredmedia":[{"embeddable":true,"href":"https:\/\/vinasfm.com\/noticias\/wp-json\/wp\/v2\/media\/132318"}],"wp:attachment":[{"href":"https:\/\/vinasfm.com\/noticias\/wp-json\/wp\/v2\/media?parent=132317"}],"wp:term":[{"taxonomy":"category","embeddable":true,"href":"https:\/\/vinasfm.com\/noticias\/wp-json\/wp\/v2\/categories?post=132317"},{"taxonomy":"post_tag","embeddable":true,"href":"https:\/\/vinasfm.com\/noticias\/wp-json\/wp\/v2\/tags?post=132317"}],"curies":[{"name":"wp","href":"https:\/\/api.w.org\/{rel}","templated":true}]}}