{"id":132299,"date":"2024-02-08T09:10:11","date_gmt":"2024-02-08T12:10:11","guid":{"rendered":"https:\/\/vinasfm.com\/noticias\/?p=132299"},"modified":"2024-02-10T10:29:26","modified_gmt":"2024-02-10T13:29:26","slug":"se-recaudaron-mas-de-dos-mil-kilos-de-alimentos-en-la-fiesta-departamental-de-la-vendimia","status":"publish","type":"post","link":"https:\/\/vinasfm.com\/noticias\/se-recaudaron-mas-de-dos-mil-kilos-de-alimentos-en-la-fiesta-departamental-de-la-vendimia\/","title":{"rendered":"SE RECAUDARON M\u00c1S DE DOS MIL KILOS DE ALIMENTOS EN LA FIESTA DEPARTAMENTAL DE LA VENDIMIA"},"content":{"rendered":"<p><strong>Los alvearenses que participaron de la fiesta departamental de la vendimia aportaron m\u00e1s de dos mil kilos de alimentos no perecederos, informaron desde la Direcci\u00f3n de Agricultura.<\/strong><\/p>\n<p>Los mismos ser\u00e1n entregados a tres merenderos y al grupo Boy Scouts, <strong><em>\u201chemos recaudado mucha mercader\u00eda gracias a la participaci\u00f3n de los vecinos. Estamos agradecidos y felices por el \u00e9xito\u201d<\/em><\/strong>, dijo la Directora de Cultura Mar\u00eda Delia Achetoni.<\/p>\n<p>Carolina Garay, desde Contingencias Sociales, inform\u00f3 que son tres los merenderos que recibir\u00e1n los alimentos, los mismo est\u00e1n activos y no han parado desde pandemia.<\/p>\n<p><strong><em>\u201cSon los que est\u00e1n trabajando, son muchos chicos que lo necesitan. Algunos tienen m\u00e1s de 100 personas que van a buscar la comida. Hay mucha cantidad de ni\u00f1os, mucha demanda\u201d<\/em><\/strong>, concluy\u00f3.<\/p>\n","protected":false},"excerpt":{"rendered":"<p>Los alvearenses que participaron de la fiesta departamental de la vendimia aportaron m\u00e1s de dos mil kilos de alimentos no perecederos, &#8230;<\/p>\n","protected":false},"author":7,"featured_media":132310,"comment_status":"open","ping_status":"open","sticky":false,"template":"","format":"standard","meta":{"footnotes":""},"categories":[5,11],"tags":[],"class_list":["post-132299","post","type-post","status-publish","format-standard","has-post-thumbnail","hentry","category-actualidad","category-sociales"],"_links":{"self":[{"href":"https:\/\/vinasfm.com\/noticias\/wp-json\/wp\/v2\/posts\/132299","targetHints":{"allow":["GET"]}}],"collection":[{"href":"https:\/\/vinasfm.com\/noticias\/wp-json\/wp\/v2\/posts"}],"about":[{"href":"https:\/\/vinasfm.com\/noticias\/wp-json\/wp\/v2\/types\/post"}],"author":[{"embeddable":true,"href":"https:\/\/vinasfm.com\/noticias\/wp-json\/wp\/v2\/users\/7"}],"replies":[{"embeddable":true,"href":"https:\/\/vinasfm.com\/noticias\/wp-json\/wp\/v2\/comments?post=132299"}],"version-history":[{"count":1,"href":"https:\/\/vinasfm.com\/noticias\/wp-json\/wp\/v2\/posts\/132299\/revisions"}],"predecessor-version":[{"id":132300,"href":"https:\/\/vinasfm.com\/noticias\/wp-json\/wp\/v2\/posts\/132299\/revisions\/132300"}],"wp:featuredmedia":[{"embeddable":true,"href":"https:\/\/vinasfm.com\/noticias\/wp-json\/wp\/v2\/media\/132310"}],"wp:attachment":[{"href":"https:\/\/vinasfm.com\/noticias\/wp-json\/wp\/v2\/media?parent=132299"}],"wp:term":[{"taxonomy":"category","embeddable":true,"href":"https:\/\/vinasfm.com\/noticias\/wp-json\/wp\/v2\/categories?post=132299"},{"taxonomy":"post_tag","embeddable":true,"href":"https:\/\/vinasfm.com\/noticias\/wp-json\/wp\/v2\/tags?post=132299"}],"curies":[{"name":"wp","href":"https:\/\/api.w.org\/{rel}","templated":true}]}}