{"id":132288,"date":"2024-02-07T08:41:39","date_gmt":"2024-02-07T11:41:39","guid":{"rendered":"https:\/\/vinasfm.com\/noticias\/?p=132288"},"modified":"2024-02-09T10:34:30","modified_gmt":"2024-02-09T13:34:30","slug":"se-realizo-la-entrega-de-los-premios-del-concurso-literario-historia-de-verano","status":"publish","type":"post","link":"https:\/\/vinasfm.com\/noticias\/se-realizo-la-entrega-de-los-premios-del-concurso-literario-historia-de-verano\/","title":{"rendered":"SE REALIZ\u00d3 LA ENTREGA DE LOS PREMIOS DEL CONCURSO LITERARIO \u00abHISTORIA DE VERANO\u00bb"},"content":{"rendered":"<h4><strong>Este lunes se realiz\u00f3 en la Direcci\u00f3n de Educaci\u00f3n la primera entrega de premios \u201cHistorias de Verano\u201d, el concurso literario donde se destacaron textos de ni\u00f1os, j\u00f3venes y adultos.<\/strong><\/h4>\n<p>\u00abHistorias de Verano\u00bb, que comenz\u00f3 en el mes de enero, recibi\u00f3 numerosos trabajos de ni\u00f1os, j\u00f3venes y adultos, incluyendo poemas, cartas y poes\u00edas.<\/p>\n<p>El jurado seleccion\u00f3 cinco trabajos destacados y tambi\u00e9n entregaron menciones especiales debido a la gran cantidad y calidad de los escritos recibidos.<\/p>\n<p>\u201c<em><strong>Este concurso ha sorprendido por su repercusi\u00f3n y nos motiva a seguir incentivando la escritura en el futuro. Creemos que hay mucho inter\u00e9s por expresar la forma de escribir y los pensamientos de los j\u00f3venes y adultos, lo cual consideramos muy positivo\u201d<\/strong><\/em>, dijo el Director Jos\u00e9 Mor\u00e1n.<\/p>\n<p>El certamen surgi\u00f3 como un disparador para poder incentivar la escritura <em><strong>\u201cy para que cada uno de nuestros j\u00f3venes pudiera tener la oportunidad de expresar y mostrar sus escritos; la verdad que nos han sorprendido\u2026 por la cantidad y por la calidad de los trabajos que invita sin lugar a dudas a otros cert\u00e1menes\u201d<\/strong><\/em>, concluy\u00f3.<\/p>\n<h2><strong>1 -CATEGOR\u00cdA INFANTIL<\/strong><\/h2>\n<p>Emanuel Ismael Gim\u00e9nez V\u00e9lez Una amistad en medio de la tormenta<\/p>\n<p>Antonio Molina\/ El verano<\/p>\n<p>Ana Comelato\/ Las vacaciones de verano de Carmen<\/p>\n<h2><strong>2- CATEGOR\u00cdA ADOLESCENTES<\/strong><\/h2>\n<p>Kiara Garc\u00eda\/ El Caos de mi vida<\/p>\n<h2><strong>3- CATEGOR\u00cdA ADULTOS<\/strong><\/h2>\n<p>Graciela C\u00f3rdoba\/ Las Voces del Verano<\/p>\n<h2><strong>MENCI\u00d3N ESPECIAL<\/strong><\/h2>\n<p>M\u00f3nica Barreto\/ Noticias Frescas<\/p>\n<p>Katherina Mart\u00ednez\/ Mareas del Ayer<\/p>\n<p>Andrea Melgar\/ Verano no es lo mismo en casa<\/p>\n<p>Marcelo Giordano\/ Mi novia de los vi\u00f1edos<\/p>\n<p>Luz Campos\/ Un verano de Tomi en Mar del Plata<\/p>\n<p>Morena Corzo\/ El verano<\/p>\n<p>&nbsp;<\/p>\n","protected":false},"excerpt":{"rendered":"<p>Este lunes se realiz\u00f3 en la Direcci\u00f3n de Educaci\u00f3n la primera entrega de premios \u201cHistorias de Verano\u201d, el concurso literario donde &#8230;<\/p>\n","protected":false},"author":7,"featured_media":132289,"comment_status":"open","ping_status":"open","sticky":false,"template":"","format":"standard","meta":{"footnotes":""},"categories":[5,18],"tags":[],"class_list":["post-132288","post","type-post","status-publish","format-standard","has-post-thumbnail","hentry","category-actualidad","category-educacion"],"_links":{"self":[{"href":"https:\/\/vinasfm.com\/noticias\/wp-json\/wp\/v2\/posts\/132288","targetHints":{"allow":["GET"]}}],"collection":[{"href":"https:\/\/vinasfm.com\/noticias\/wp-json\/wp\/v2\/posts"}],"about":[{"href":"https:\/\/vinasfm.com\/noticias\/wp-json\/wp\/v2\/types\/post"}],"author":[{"embeddable":true,"href":"https:\/\/vinasfm.com\/noticias\/wp-json\/wp\/v2\/users\/7"}],"replies":[{"embeddable":true,"href":"https:\/\/vinasfm.com\/noticias\/wp-json\/wp\/v2\/comments?post=132288"}],"version-history":[{"count":1,"href":"https:\/\/vinasfm.com\/noticias\/wp-json\/wp\/v2\/posts\/132288\/revisions"}],"predecessor-version":[{"id":132290,"href":"https:\/\/vinasfm.com\/noticias\/wp-json\/wp\/v2\/posts\/132288\/revisions\/132290"}],"wp:featuredmedia":[{"embeddable":true,"href":"https:\/\/vinasfm.com\/noticias\/wp-json\/wp\/v2\/media\/132289"}],"wp:attachment":[{"href":"https:\/\/vinasfm.com\/noticias\/wp-json\/wp\/v2\/media?parent=132288"}],"wp:term":[{"taxonomy":"category","embeddable":true,"href":"https:\/\/vinasfm.com\/noticias\/wp-json\/wp\/v2\/categories?post=132288"},{"taxonomy":"post_tag","embeddable":true,"href":"https:\/\/vinasfm.com\/noticias\/wp-json\/wp\/v2\/tags?post=132288"}],"curies":[{"name":"wp","href":"https:\/\/api.w.org\/{rel}","templated":true}]}}