{"id":132273,"date":"2024-02-06T09:12:04","date_gmt":"2024-02-06T12:12:04","guid":{"rendered":"https:\/\/vinasfm.com\/noticias\/?p=132273"},"modified":"2024-02-08T09:13:18","modified_gmt":"2024-02-08T12:13:18","slug":"vargas-arizu-el-precio-de-la-ciruela-sera-de-25-centavos-de-dolar","status":"publish","type":"post","link":"https:\/\/vinasfm.com\/noticias\/vargas-arizu-el-precio-de-la-ciruela-sera-de-25-centavos-de-dolar\/","title":{"rendered":"VARGAS ARIZU: \u201cEL PRECIO DE LA CIRUELA SER\u00c1 DE 25 CENTAVOS DE D\u00d3LAR\u201d"},"content":{"rendered":"<p><span style=\"color: #000000;\"><strong>El ministro de Producci\u00f3n lleg\u00f3 hasta General Alvear y se reuni\u00f3 con el Intendente Alejandro Molero y referentes de la C\u00e1mara de Comercio.<\/strong><\/span><\/p>\n<p><span style=\"color: #000000;\">En exclusiva para FM VI\u00d1AS, Rodolfo Vargas Arizu se\u00f1al\u00f3 que <strong><em>\u201cse abarc\u00f3 una gran cantidad de temas en el encuentro, de entre los que destacan las problem\u00e1ticas agr\u00edcolas y ganaderas\u201d. <\/em><\/strong>El ministro manifest\u00f3 que <strong><em>\u201cla Provincia debe apoyar los \u00edtems de desarrollo en los que est\u00e1 trabajando General Alvear\u201d.<\/em><\/strong><\/span><\/p>\n<p><span style=\"color: #000000;\"><strong><em>\u201cDel departamento me llevo 8 temas en los que son importantes\u201d<\/em><\/strong>, sostuvo Vargas Arizu y se\u00f1al\u00f3 que <strong><em>\u201ceste jueves llegar\u00e1 al departamento gran parte del Ministerio de Producci\u00f3n de la Provincia, porque es importante que se definan qu\u00e9 capacitaciones son necesarias para el municipio\u201d. <\/em><\/strong><\/span><\/p>\n<p><span style=\"color: #000000;\">En cuanto a la cosecha de la ciruela, de la cual se viene discutiendo su precio desde hace varios d\u00edas, expres\u00f3 que <strong><em>\u201cen la \u00faltima reuni\u00f3n del Cl\u00faster, que tuvo lugar en San Rafael, se habl\u00f3 de un piso de entre 22 y 25 centavos de d\u00f3lar. Se lleg\u00f3 un acuerdo entre lo pretendido por el productor y lo ofrecido por el sector industrial\u201d.<\/em><\/strong> Por \u00faltimo sostuvo que <strong><em>\u201chay una gran perspectiva, con posibilidad de que los derechos de exportaci\u00f3n se levanten\u201d.<\/em><\/strong><\/span><\/p>\n","protected":false},"excerpt":{"rendered":"<p>El ministro de Producci\u00f3n lleg\u00f3 hasta General Alvear y se reuni\u00f3 con el Intendente Alejandro Molero y referentes de la C\u00e1mara &#8230;<\/p>\n","protected":false},"author":7,"featured_media":132274,"comment_status":"open","ping_status":"open","sticky":false,"template":"","format":"standard","meta":{"footnotes":""},"categories":[5,14],"tags":[],"class_list":["post-132273","post","type-post","status-publish","format-standard","has-post-thumbnail","hentry","category-actualidad","category-agro"],"_links":{"self":[{"href":"https:\/\/vinasfm.com\/noticias\/wp-json\/wp\/v2\/posts\/132273","targetHints":{"allow":["GET"]}}],"collection":[{"href":"https:\/\/vinasfm.com\/noticias\/wp-json\/wp\/v2\/posts"}],"about":[{"href":"https:\/\/vinasfm.com\/noticias\/wp-json\/wp\/v2\/types\/post"}],"author":[{"embeddable":true,"href":"https:\/\/vinasfm.com\/noticias\/wp-json\/wp\/v2\/users\/7"}],"replies":[{"embeddable":true,"href":"https:\/\/vinasfm.com\/noticias\/wp-json\/wp\/v2\/comments?post=132273"}],"version-history":[{"count":2,"href":"https:\/\/vinasfm.com\/noticias\/wp-json\/wp\/v2\/posts\/132273\/revisions"}],"predecessor-version":[{"id":132311,"href":"https:\/\/vinasfm.com\/noticias\/wp-json\/wp\/v2\/posts\/132273\/revisions\/132311"}],"wp:featuredmedia":[{"embeddable":true,"href":"https:\/\/vinasfm.com\/noticias\/wp-json\/wp\/v2\/media\/132274"}],"wp:attachment":[{"href":"https:\/\/vinasfm.com\/noticias\/wp-json\/wp\/v2\/media?parent=132273"}],"wp:term":[{"taxonomy":"category","embeddable":true,"href":"https:\/\/vinasfm.com\/noticias\/wp-json\/wp\/v2\/categories?post=132273"},{"taxonomy":"post_tag","embeddable":true,"href":"https:\/\/vinasfm.com\/noticias\/wp-json\/wp\/v2\/tags?post=132273"}],"curies":[{"name":"wp","href":"https:\/\/api.w.org\/{rel}","templated":true}]}}