{"id":132240,"date":"2024-02-05T08:58:20","date_gmt":"2024-02-05T11:58:20","guid":{"rendered":"https:\/\/vinasfm.com\/noticias\/?p=132240"},"modified":"2024-02-06T00:01:34","modified_gmt":"2024-02-06T03:01:34","slug":"tres-nuevos-robos-se-registraron-este-fin-de-semana-en-general-alvear","status":"publish","type":"post","link":"https:\/\/vinasfm.com\/noticias\/tres-nuevos-robos-se-registraron-este-fin-de-semana-en-general-alvear\/","title":{"rendered":"TRES NUEVOS ROBOS SE REGISTRARON ESTE FIN DE SEMANA EN GENERAL ALVEAR"},"content":{"rendered":"<p><strong>Los il\u00edcitos comenzaron el pasado viernes.\u00a0<\/strong><\/p>\n<p>El d\u00eda 2 de febrero, en horas de la ma\u00f1ana, <strong>se recepciona una denuncia en Comisar\u00eda 14ta por la sustracci\u00f3n de una moto 250 Cc<\/strong>, del interior de un inmueble ubicado <strong>en calle Uspallata 400 aproximadamente.<\/strong> Los autores ingresaron previo violentar el port\u00f3n de ingreso. <strong>El rodado fue recuperado por personal de Cuerpos Especiales, el d\u00eda s\u00e1bado en horas de la ma\u00f1ana.<\/strong><\/p>\n<p>El d\u00eda s\u00e1bado, la <strong>vicedirectora de la Escuela de Agricultura<\/strong> ubicada en calle Marqu\u00e9s de Aguado al 200 de Alvear Oeste, denunci\u00f3 que personas desconocidas procedieron a la sustracci\u00f3n de una<strong> bomba de agua del citado establecimiento, previo violentar una reja de seguridad.<\/strong><\/p>\n<p>El d\u00eda s\u00e1bado en horas de la ma\u00f1ana, se recepcions denuncia en Comisar\u00eda 14ta, por un hecho il\u00edcito ocurrido en un local comercial de raz\u00f3n social <strong>\u00abDon Hilario\u00bb ubicado en Avenida Alvear Este y Pedro Goyena<\/strong>, la v\u00edctima da cuenta que personas desconocidas en el transcurso de la noche, previo violentar el techo del inmueble; <strong>procedieron a la sustracci\u00f3n de distintos elementos del interior como cigarrillos, bebidas blancas y dinero en efectivo.<\/strong><\/p>\n","protected":false},"excerpt":{"rendered":"<p>Los il\u00edcitos comenzaron el pasado viernes.\u00a0 El d\u00eda 2 de febrero, en horas de la ma\u00f1ana, se recepciona una denuncia en &#8230;<\/p>\n","protected":false},"author":7,"featured_media":63435,"comment_status":"open","ping_status":"open","sticky":false,"template":"","format":"standard","meta":{"footnotes":""},"categories":[5,4],"tags":[],"class_list":["post-132240","post","type-post","status-publish","format-standard","has-post-thumbnail","hentry","category-actualidad","category-policiales"],"_links":{"self":[{"href":"https:\/\/vinasfm.com\/noticias\/wp-json\/wp\/v2\/posts\/132240","targetHints":{"allow":["GET"]}}],"collection":[{"href":"https:\/\/vinasfm.com\/noticias\/wp-json\/wp\/v2\/posts"}],"about":[{"href":"https:\/\/vinasfm.com\/noticias\/wp-json\/wp\/v2\/types\/post"}],"author":[{"embeddable":true,"href":"https:\/\/vinasfm.com\/noticias\/wp-json\/wp\/v2\/users\/7"}],"replies":[{"embeddable":true,"href":"https:\/\/vinasfm.com\/noticias\/wp-json\/wp\/v2\/comments?post=132240"}],"version-history":[{"count":2,"href":"https:\/\/vinasfm.com\/noticias\/wp-json\/wp\/v2\/posts\/132240\/revisions"}],"predecessor-version":[{"id":132242,"href":"https:\/\/vinasfm.com\/noticias\/wp-json\/wp\/v2\/posts\/132240\/revisions\/132242"}],"wp:featuredmedia":[{"embeddable":true,"href":"https:\/\/vinasfm.com\/noticias\/wp-json\/wp\/v2\/media\/63435"}],"wp:attachment":[{"href":"https:\/\/vinasfm.com\/noticias\/wp-json\/wp\/v2\/media?parent=132240"}],"wp:term":[{"taxonomy":"category","embeddable":true,"href":"https:\/\/vinasfm.com\/noticias\/wp-json\/wp\/v2\/categories?post=132240"},{"taxonomy":"post_tag","embeddable":true,"href":"https:\/\/vinasfm.com\/noticias\/wp-json\/wp\/v2\/tags?post=132240"}],"curies":[{"name":"wp","href":"https:\/\/api.w.org\/{rel}","templated":true}]}}