{"id":132231,"date":"2024-02-04T02:27:20","date_gmt":"2024-02-04T05:27:20","guid":{"rendered":"https:\/\/vinasfm.com\/noticias\/?p=132231"},"modified":"2024-02-04T02:30:42","modified_gmt":"2024-02-04T05:30:42","slug":"vendimia-anabel-gianella-rios-es-la-nueva-reina-departamental","status":"publish","type":"post","link":"https:\/\/vinasfm.com\/noticias\/vendimia-anabel-gianella-rios-es-la-nueva-reina-departamental\/","title":{"rendered":"VENDIMIA: ANABEL GIANELLA R\u00cdOS ES LA NUEVA REINA DEPARTAMENTAL"},"content":{"rendered":"<p><strong>La joven de 22 a\u00f1os represent\u00f3 al distrito de San Pedro del Atuel. Fue coronada tras el espect\u00e1culo Vendimia \u201cTierra de Oportunidades\u201d que se desarroll\u00f3 en el predio ferial. Evelin Olivera, de Alvear Oeste, es la Virreina.<\/strong><\/p>\n<p>General Alvear coron\u00f3 a Anabel Gianella R\u00edos como su reina departamental el s\u00e1bado en horas de la noche. La nueva reina represent\u00f3 al distrito conocido como \u201cCarmensa\u201d y cosech\u00f3 28 votos. La virreina alcanz\u00f3 los 21 votos.<\/p>\n<p>La nueva reina tiene 22 a\u00f1os de edad, mide 1,63 y tiene ojos color marr\u00f3n claro. Es empleada de comercio y est\u00e1 por comenzar la carrera de dise\u00f1o indumentaria en Idesa Ugacoop.<\/p>\n<p><strong><em>\u201cEstoy muy emocionada, feliz y orgullosa de estar en este lugar, de haber tra\u00eddo a mi hermoso Carmensa hasta ac\u00e1. Ver toda mi gente aplaudiendo, gritando con ganas, con toda su fuerza, me llena el coraz\u00f3n y me llena el alma\u201d<\/em><\/strong>, dijo la reina tras la coronaci\u00f3n.<\/p>\n<p>A rengl\u00f3n seguido afirm\u00f3 que tratar\u00e1 de representar de la mejor manera a General Alvear y les dijo a los agricultores <strong><em>\u201cque no bajen los brazos, que tengan fe y esperanza, que tenemos tierra de oportunidades, que cada d\u00eda que amanece es una oportunidad m\u00e1s que nos da para avanzar\u201d.<\/em><\/strong><\/p>\n<p><a href=\"https:\/\/vinasfm.com\/noticias\/wp-content\/uploads\/2024\/02\/IMG-20240204-WA0016.jpg\"><img loading=\"lazy\" decoding=\"async\" class=\"alignnone size-medium wp-image-132232\" src=\"https:\/\/vinasfm.com\/noticias\/wp-content\/uploads\/2024\/02\/IMG-20240204-WA0016-300x200.jpg\" alt=\"\" width=\"300\" height=\"200\" srcset=\"https:\/\/vinasfm.com\/noticias\/wp-content\/uploads\/2024\/02\/IMG-20240204-WA0016-300x200.jpg 300w, https:\/\/vinasfm.com\/noticias\/wp-content\/uploads\/2024\/02\/IMG-20240204-WA0016-1024x682.jpg 1024w, https:\/\/vinasfm.com\/noticias\/wp-content\/uploads\/2024\/02\/IMG-20240204-WA0016-768x512.jpg 768w, https:\/\/vinasfm.com\/noticias\/wp-content\/uploads\/2024\/02\/IMG-20240204-WA0016-1536x1023.jpg 1536w, https:\/\/vinasfm.com\/noticias\/wp-content\/uploads\/2024\/02\/IMG-20240204-WA0016.jpg 1600w\" sizes=\"auto, (max-width: 300px) 100vw, 300px\" \/><\/a><\/p>\n<h2>Emotiva previa en el inicio de la fiesta<\/h2>\n<p>Los locutores Nina Lesik, Pablo Gonz\u00e1lez y Javier Baigorria recibieron al p\u00fablico con m\u00fasica y con la presencia de varios agricultores que representaron a los trabajadores de la regi\u00f3n.<\/p>\n<p>Durante una hora interactuaron con el p\u00fablico alentando a las hinchadas de las candidatas previas al Acto Central de la Fiesta Departamental de la Vendimia, hasta que el grupo \u201cPatria Cuyana\u201d le dio el pase a la presentaci\u00f3n de los locutores Adriana G\u00f3mez y Luis S\u00e1nchez Bast\u00edas para conducir el acto vendimia \u201cTierra de Oportunidades\u201d.<\/p>\n<h2>Un espect\u00e1culo \u201ccon hechos y personajes ic\u00f3nicos\u201d de Alvear<\/h2>\n<p>Vendimia Tierra de Oportunidades fue un acontecimiento especial, con un predio ferial repleto de vecinos que llegaron a conocer a la reemplazante Luisina Rigoldi, como reina departamental.<\/p>\n<p>El escenario cont\u00f3 con casi 100 artistas entre bailarines, m\u00fasicos y actores que representaron con exquisitez la cultura de Mendoza, con el destacado toque de la m\u00fasica en vivo.<\/p>\n<p>La historia busc\u00f3 reflejar algunos hechos y personajes ic\u00f3nicos del departamento que no siempre son reconocidos, personas que fueron fundamentales para el avance cultural, social y econ\u00f3mico de General Alvear.<\/p>\n<p>El equipo, dirigido por Camila P\u00e9rez, hizo un trabajo de campo en el que se recopil\u00f3 toda la informaci\u00f3n necesaria que permiti\u00f3 contar una historia m\u00e1s del departamento a trav\u00e9s de la vida de un vendedor callejero con el m\u00e1s profundo respeto y exactitud.<\/p>\n<p>Para la realizaci\u00f3n de este relato se parti\u00f3 desde la necesidad de visibilizar a quienes han sido protagonistas y testigos del progreso de General Alvear desde la simpleza y la cotidianeidad del trabajo.<\/p>\n<p>El libreto presentado estuvo basado en una historia ver\u00eddica con modificaciones que facilitaron el relato folcl\u00f3rico vendimial.<\/p>\n<p>Se vio un personaje que se destac\u00f3 por la parte activa de la producci\u00f3n vitivin\u00edcola y fundamental para cosechar los frutos del esfuerzo que lo llev\u00f3 a tener un Alvear pujante, con ganas de progresar y de darle un pueblo mejor a sus ciudadanos y a las pr\u00f3ximas generaciones.<\/p>\n<p>Vendimia \u201ctierra de oportunidades\u201d toc\u00f3 cada fibra de los espectadores, desde el orgullo de vivir en estas tierras hasta la nostalgia heredada de los ancestros de la tierra que dejaron para habitar este suelo.<\/p>\n<p>Al final se volvi\u00f3 a conectar a los presentes con el lugar que compartimos y as\u00ed lograr el General Alvear que los pioneros so\u00f1aron para nosotros para los que vienen.<\/p>\n<p>Despu\u00e9s, el show lo dieron Los Trovadores de Cuyo, que con su reconocido repertorio hicieron aplaudir de pie a las m\u00e1s de mil almas presentes.<\/p>\n<p><a href=\"https:\/\/vinasfm.com\/noticias\/wp-content\/uploads\/2024\/02\/IMG-20240204-WA0010.jpg\"><img loading=\"lazy\" decoding=\"async\" class=\"alignnone size-medium wp-image-132233\" src=\"https:\/\/vinasfm.com\/noticias\/wp-content\/uploads\/2024\/02\/IMG-20240204-WA0010-300x200.jpg\" alt=\"\" width=\"300\" height=\"200\" srcset=\"https:\/\/vinasfm.com\/noticias\/wp-content\/uploads\/2024\/02\/IMG-20240204-WA0010-300x200.jpg 300w, https:\/\/vinasfm.com\/noticias\/wp-content\/uploads\/2024\/02\/IMG-20240204-WA0010-1024x682.jpg 1024w, https:\/\/vinasfm.com\/noticias\/wp-content\/uploads\/2024\/02\/IMG-20240204-WA0010-768x512.jpg 768w, https:\/\/vinasfm.com\/noticias\/wp-content\/uploads\/2024\/02\/IMG-20240204-WA0010-1536x1023.jpg 1536w, https:\/\/vinasfm.com\/noticias\/wp-content\/uploads\/2024\/02\/IMG-20240204-WA0010.jpg 1600w\" sizes=\"auto, (max-width: 300px) 100vw, 300px\" \/><\/a><\/p>\n","protected":false},"excerpt":{"rendered":"<p>La joven de 22 a\u00f1os represent\u00f3 al distrito de San Pedro del Atuel. Fue coronada tras el espect\u00e1culo Vendimia \u201cTierra de &#8230;<\/p>\n","protected":false},"author":7,"featured_media":132234,"comment_status":"open","ping_status":"open","sticky":false,"template":"","format":"standard","meta":{"footnotes":""},"categories":[1],"tags":[],"class_list":["post-132231","post","type-post","status-publish","format-standard","has-post-thumbnail","hentry","category-fmvinas"],"_links":{"self":[{"href":"https:\/\/vinasfm.com\/noticias\/wp-json\/wp\/v2\/posts\/132231","targetHints":{"allow":["GET"]}}],"collection":[{"href":"https:\/\/vinasfm.com\/noticias\/wp-json\/wp\/v2\/posts"}],"about":[{"href":"https:\/\/vinasfm.com\/noticias\/wp-json\/wp\/v2\/types\/post"}],"author":[{"embeddable":true,"href":"https:\/\/vinasfm.com\/noticias\/wp-json\/wp\/v2\/users\/7"}],"replies":[{"embeddable":true,"href":"https:\/\/vinasfm.com\/noticias\/wp-json\/wp\/v2\/comments?post=132231"}],"version-history":[{"count":2,"href":"https:\/\/vinasfm.com\/noticias\/wp-json\/wp\/v2\/posts\/132231\/revisions"}],"predecessor-version":[{"id":132236,"href":"https:\/\/vinasfm.com\/noticias\/wp-json\/wp\/v2\/posts\/132231\/revisions\/132236"}],"wp:featuredmedia":[{"embeddable":true,"href":"https:\/\/vinasfm.com\/noticias\/wp-json\/wp\/v2\/media\/132234"}],"wp:attachment":[{"href":"https:\/\/vinasfm.com\/noticias\/wp-json\/wp\/v2\/media?parent=132231"}],"wp:term":[{"taxonomy":"category","embeddable":true,"href":"https:\/\/vinasfm.com\/noticias\/wp-json\/wp\/v2\/categories?post=132231"},{"taxonomy":"post_tag","embeddable":true,"href":"https:\/\/vinasfm.com\/noticias\/wp-json\/wp\/v2\/tags?post=132231"}],"curies":[{"name":"wp","href":"https:\/\/api.w.org\/{rel}","templated":true}]}}