{"id":132210,"date":"2024-02-03T10:10:40","date_gmt":"2024-02-03T13:10:40","guid":{"rendered":"https:\/\/vinasfm.com\/noticias\/?p=132210"},"modified":"2024-02-03T10:14:59","modified_gmt":"2024-02-03T13:14:59","slug":"fallecio-fabricio-el-menor-participe-del-siniestro-vial-de-ruta-143","status":"publish","type":"post","link":"https:\/\/vinasfm.com\/noticias\/fallecio-fabricio-el-menor-participe-del-siniestro-vial-de-ruta-143\/","title":{"rendered":"FALLECI\u00d3 FABRICIO, EL MENOR PARTICIPE DEL SINIESTRO VIAL DE RUTA 143"},"content":{"rendered":"<p><strong>La informaci\u00f3n fue confirmada por el Jefe de la Polic\u00eda Departamental, Crio. Iv\u00e1n Berm\u00fadez.<\/strong><\/p>\n<p>El martes fue una jornada tr\u00e1gica para la comunidad alvearense. <strong>Fabricio Guasco Ugalde, de 11 a\u00f1os, permanec\u00eda internado en la Unidad de Terapias Intensiva del Hospital Teodoro J. Schestakow,<\/strong> tras resultar con graves lesiones producto del sieniestro vial ocurrido en Ruta 143. <strong>Producto del mismo siniestro perdi\u00f3 la vida el empresario Julio Emilio Di Paolo.<\/strong><\/p>\n<p>Junto a ellos viajaban otros dos menores, de 8 y 13 a\u00f1os, que fueron hospitalizados en el nosocomio local.<\/p>\n","protected":false},"excerpt":{"rendered":"<p>La informaci\u00f3n fue confirmada por el Jefe de la Polic\u00eda Departamental, Crio. Iv\u00e1n Berm\u00fadez. El martes fue una jornada tr\u00e1gica para &#8230;<\/p>\n","protected":false},"author":7,"featured_media":132211,"comment_status":"open","ping_status":"open","sticky":false,"template":"","format":"standard","meta":{"footnotes":""},"categories":[1],"tags":[],"class_list":["post-132210","post","type-post","status-publish","format-standard","has-post-thumbnail","hentry","category-fmvinas"],"_links":{"self":[{"href":"https:\/\/vinasfm.com\/noticias\/wp-json\/wp\/v2\/posts\/132210","targetHints":{"allow":["GET"]}}],"collection":[{"href":"https:\/\/vinasfm.com\/noticias\/wp-json\/wp\/v2\/posts"}],"about":[{"href":"https:\/\/vinasfm.com\/noticias\/wp-json\/wp\/v2\/types\/post"}],"author":[{"embeddable":true,"href":"https:\/\/vinasfm.com\/noticias\/wp-json\/wp\/v2\/users\/7"}],"replies":[{"embeddable":true,"href":"https:\/\/vinasfm.com\/noticias\/wp-json\/wp\/v2\/comments?post=132210"}],"version-history":[{"count":1,"href":"https:\/\/vinasfm.com\/noticias\/wp-json\/wp\/v2\/posts\/132210\/revisions"}],"predecessor-version":[{"id":132212,"href":"https:\/\/vinasfm.com\/noticias\/wp-json\/wp\/v2\/posts\/132210\/revisions\/132212"}],"wp:featuredmedia":[{"embeddable":true,"href":"https:\/\/vinasfm.com\/noticias\/wp-json\/wp\/v2\/media\/132211"}],"wp:attachment":[{"href":"https:\/\/vinasfm.com\/noticias\/wp-json\/wp\/v2\/media?parent=132210"}],"wp:term":[{"taxonomy":"category","embeddable":true,"href":"https:\/\/vinasfm.com\/noticias\/wp-json\/wp\/v2\/categories?post=132210"},{"taxonomy":"post_tag","embeddable":true,"href":"https:\/\/vinasfm.com\/noticias\/wp-json\/wp\/v2\/tags?post=132210"}],"curies":[{"name":"wp","href":"https:\/\/api.w.org\/{rel}","templated":true}]}}