{"id":132200,"date":"2024-02-02T14:32:12","date_gmt":"2024-02-02T17:32:12","guid":{"rendered":"https:\/\/vinasfm.com\/noticias\/?p=132200"},"modified":"2024-02-05T10:00:54","modified_gmt":"2024-02-05T13:00:54","slug":"para-evitar-gastos-los-vecinos-de-zonas-alejadas-del-centro-podran-renovar-la-licencia-de-conducir-en-las-delegaciones-municipales","status":"publish","type":"post","link":"https:\/\/vinasfm.com\/noticias\/para-evitar-gastos-los-vecinos-de-zonas-alejadas-del-centro-podran-renovar-la-licencia-de-conducir-en-las-delegaciones-municipales\/","title":{"rendered":"PARA EVITAR GASTOS EN SAN RAFAEL: LOS VECINOS DE ZONAS ALEJADAS DEL CENTRO PODR\u00c1N RENOVAR LA LICENCIA DE CONDUCIR EN LAS DELEGACIONES MUNICIPALES"},"content":{"rendered":"<p><strong>El municipio de San Rafael a trav\u00e9s del programa \u201cMovilidad Ciudadana\u201d est\u00e1 trabajando para cada d\u00eda mejorar la atenci\u00f3n de los sanrafaelinos. <\/strong><\/p>\n<p>En este caso, los vecinos de Villa Atuel, Jaime Prats, Real del Padre, Las Malvinas, El Nihuil, Punta del Agua, Monte Com\u00e1n y El Sosneado, podr\u00e1n tramitar la renovaci\u00f3n de la licencia de conducir sin salir de tu distrito. En una primera instancia, habr\u00e1 reuniones informativas con delegados y vecinos. El calendario comenz\u00f3 este jueves en Villa Atuel y Jaime Prats, el lunes 5 en Monte Com\u00e1n y Real del Padre, mi\u00e9rcoles 7 en Las Malvinas, mi\u00e9rcoles 14 en El Nihuil, lunes 19 en Punta del Agua y mi\u00e9rcoles 21 en El Sosneado.<\/p>\n<p>El titular de Licencias de Conducir, Manuel Garc\u00eda Schneider y la encargada del programa, Paula Fuentes, dialogaron con la emisora radial FM Vos 94.5 y celebraron la iniciativa. <em><strong>\u00abEl intendente Omar F\u00e9lix nos pidi\u00f3 trabajar para que los vecinos tengan la posibilidad de renovar sus licencias en su lugar de residencia. Como la idea nos pareci\u00f3 perfecta, diagramamos un programa que va a estar a cargo de Paula Fuentes. Dicho programa se llama \u201cMovilidad Ciudadana\u201d. Durante febrero vamos a brindar el asesoramiento a la ciudadan\u00eda para que puedan hacer el tr\u00e1mite de renovaci\u00f3n\u00bb,<\/strong><\/em> dijo Manuel Garc\u00eda Schneider.<\/p>\n<p><em><strong> \u00abPrimero se va a tomar \u00fanicamente el tr\u00e1mite de la renovaci\u00f3n, que va desde los 18 a\u00f1os hasta los 65 a\u00f1os incluidos. Es una gran ventaja y comodidad para muchos vecinos. No van a tener que pagar nada, m\u00e1s all\u00e1 del Certificado Nacional de Antecedentes de Tr\u00e1nsito (CENAT) y la tasa municipal. La idea es estar una vez por mes en los ochos distritos que est\u00e1n m\u00e1s alejados del centro. De ese modo, se podr\u00e1n renovar las licencias de todas las personas que vencen durante ese periodo\u00bb<\/strong><\/em>, explic\u00f3 Garc\u00eda Schneider. <strong><em>\u00abEsto implica visitar lugares alejados como Villa Atuel, Jaime Prats, Real del Padre, Las Malvinas, El Nihuil, Punta del Agua, El Sosneado y Monte Com\u00e1n\u00bb,<\/em><\/strong> a\u00f1adi\u00f3 el titular de Licencias de Conducir del municipio. M\u00e1s adelante, la propia Paula Fuentes habl\u00f3 acerca del programa y destac\u00f3 la funcionalidad pragm\u00e1tica del mismo. <strong><em>\u00abEstoy muy entusiasmada con la tarea que me han otorgado desde el municipio. Estamos charlando con los delegados y subdelegados para la puesta en marcha de todo. La primera etapa es de asesoramiento y de relevamiento. Queremos conocer cu\u00e1les son las necesidades de la gente. \u00abTodo pasa por un mejor servicio, descentralizar y agilizar los tr\u00e1mites\u00bb<\/em><\/strong>, asever\u00f3 Fuentes.<\/p>\n<p><strong><em> \u00abSe trabaja en forma conjunta con los delegados distritales. En ese sentido se est\u00e1 capacitando al personal para que est\u00e9n bien informados sobre el tema. La idea es que la persona no quede inhabilitada para conducir. Por eso vamos a tomar las licencias que se est\u00e9n por vencer con anticipaci\u00f3n\u00bb<\/em><\/strong>, cerr\u00f3 Fuentes.<\/p>\n","protected":false},"excerpt":{"rendered":"<p>El municipio de San Rafael a trav\u00e9s del programa \u201cMovilidad Ciudadana\u201d est\u00e1 trabajando para cada d\u00eda mejorar la atenci\u00f3n de los &#8230;<\/p>\n","protected":false},"author":7,"featured_media":132201,"comment_status":"open","ping_status":"open","sticky":false,"template":"","format":"standard","meta":{"footnotes":""},"categories":[5,10],"tags":[],"class_list":["post-132200","post","type-post","status-publish","format-standard","has-post-thumbnail","hentry","category-actualidad","category-destacadas"],"_links":{"self":[{"href":"https:\/\/vinasfm.com\/noticias\/wp-json\/wp\/v2\/posts\/132200","targetHints":{"allow":["GET"]}}],"collection":[{"href":"https:\/\/vinasfm.com\/noticias\/wp-json\/wp\/v2\/posts"}],"about":[{"href":"https:\/\/vinasfm.com\/noticias\/wp-json\/wp\/v2\/types\/post"}],"author":[{"embeddable":true,"href":"https:\/\/vinasfm.com\/noticias\/wp-json\/wp\/v2\/users\/7"}],"replies":[{"embeddable":true,"href":"https:\/\/vinasfm.com\/noticias\/wp-json\/wp\/v2\/comments?post=132200"}],"version-history":[{"count":2,"href":"https:\/\/vinasfm.com\/noticias\/wp-json\/wp\/v2\/posts\/132200\/revisions"}],"predecessor-version":[{"id":132204,"href":"https:\/\/vinasfm.com\/noticias\/wp-json\/wp\/v2\/posts\/132200\/revisions\/132204"}],"wp:featuredmedia":[{"embeddable":true,"href":"https:\/\/vinasfm.com\/noticias\/wp-json\/wp\/v2\/media\/132201"}],"wp:attachment":[{"href":"https:\/\/vinasfm.com\/noticias\/wp-json\/wp\/v2\/media?parent=132200"}],"wp:term":[{"taxonomy":"category","embeddable":true,"href":"https:\/\/vinasfm.com\/noticias\/wp-json\/wp\/v2\/categories?post=132200"},{"taxonomy":"post_tag","embeddable":true,"href":"https:\/\/vinasfm.com\/noticias\/wp-json\/wp\/v2\/tags?post=132200"}],"curies":[{"name":"wp","href":"https:\/\/api.w.org\/{rel}","templated":true}]}}