{"id":132192,"date":"2024-02-02T10:24:35","date_gmt":"2024-02-02T13:24:35","guid":{"rendered":"https:\/\/vinasfm.com\/noticias\/?p=132192"},"modified":"2024-02-02T10:24:35","modified_gmt":"2024-02-02T13:24:35","slug":"tras-12-anos-de-sequia-el-nivel-hidrico-de-los-embalses-se-esta-recuperando-a-valores-historicos","status":"publish","type":"post","link":"https:\/\/vinasfm.com\/noticias\/tras-12-anos-de-sequia-el-nivel-hidrico-de-los-embalses-se-esta-recuperando-a-valores-historicos\/","title":{"rendered":"TRAS 12 A\u00d1OS DE SEQU\u00cdA, EL NIVEL H\u00cdDRICO DE LOS EMBALSES SE EST\u00c1 RECUPERANDO A VALORES HIST\u00d3RICOS"},"content":{"rendered":"<h4><strong>El director de gesti\u00f3n h\u00eddrica del Departamento General de Irrigaci\u00f3n, Rub\u00e9n Villodas, expres\u00f3 las novedades acerca de las condiciones de los r\u00edos, donde hizo hincapi\u00e9 en una puntual \u2018vuelta a la normalidad\u2019. Adem\u00e1s, el directivo abord\u00f3 diversos temas relacionados con la situaci\u00f3n de los embalses en la regi\u00f3n.<\/strong><\/h4>\n<p>Villodas expres\u00f3 a Diario San Rafael y FM Vos 94.5 la importancia de entender la perspectiva hist\u00f3rica al afirmar: \u201cHemos vuelto a tener a\u00f1os normales, o un poco por encima de los normales, ya que muchos han olvidado lo que significa un a\u00f1o t\u00edpicamente normal debido a los \u00faltimos 12 a\u00f1os de sequ\u00eda. Nos referimos a los est\u00e1ndares de antes, no a la nueva normalidad\u201d.<\/p>\n<p>El an\u00e1lisis de Villodas se centra en datos concretos, tomando en cuenta la serie hist\u00f3rica de 50, 60 o m\u00e1s a\u00f1os. Se\u00f1al\u00f3: \u201cSi tomamos los valores medios del mes de enero, este a\u00f1o ha sido excepcional. En todos los r\u00edos, excepto el Diamante, no experiment\u00e1bamos un enero as\u00ed desde hace 17 a\u00f1os\u201d. Los datos proporcionados por el Departamento General de Irrigaci\u00f3n indican que, en comparaci\u00f3n con el a\u00f1o pasado, algunos r\u00edos muestran caudales duplicados o triplicados, evidenciando un fen\u00f3meno global.<\/p>\n<p>El fen\u00f3meno de El Ni\u00f1o fue mencionado como la referencia m\u00e1s inmediata para explicar estos cambios. Villodas describi\u00f3 eventos inusuales durante el invierno, como nevadas hasta noviembre y olas de calor intensas. \u201cPasamos de temperaturas bajas en noviembre a temperaturas muy altas en menos de dos meses, provocando un r\u00e1pido derretimiento en las monta\u00f1as\u201d, explic\u00f3.<\/p>\n<p>La seguridad en los r\u00edos se ha convertido en un tema crucial, destacando incidentes recientes y los riesgos asociados. El funcionario advirti\u00f3 sobre la falta de conciencia de los peligros reales al mencionar: \u201cLa confianza, el calor extremo y la falta de percepci\u00f3n del peligro hacen que la gente subestime la situaci\u00f3n. A pesar de los esfuerzos preventivos, no es posible colocar una barrera en cada cauce\u201d.<\/p>\n<p>En cuanto a la capacidad de almacenamiento de agua, Villodas comparti\u00f3 datos alentadores: \u201cEn este momento, el sistema del Diamante est\u00e1 al 90% de su capacidad, mientras que el sistema de Atuel est\u00e1 al 75%. La pol\u00edtica de manejo de embalses se centra en volver a llenarlos despu\u00e9s de muchos a\u00f1os, asegurando un suministro sostenible para la pr\u00f3xima temporada\u201d.<\/p>\n<p>En relaci\u00f3n con el fen\u00f3meno de El Ni\u00f1o, Villodas se\u00f1al\u00f3 que las fases neutras pueden mantener niveles de caudales importantes o experimentar descensos. \u201cNo hay una correlaci\u00f3n directa entre una fase neutra y situaciones espec\u00edficas\u201d, afirm\u00f3. El director tambi\u00e9n destac\u00f3 el cambio dr\u00e1stico en el embalse del Diamante en los \u00faltimos meses, multiplicando los caudales en un corto per\u00edodo de tiempo.<\/p>\n<p>La pol\u00edtica de distribuci\u00f3n de agua se mantiene enfocada en el sector agr\u00edcola, el principal usuario de los recursos h\u00eddricos. Asegur\u00f3 que se est\u00e1n entregando los vol\u00famenes necesarios a quienes est\u00e1n cultivando, con planes de pago al d\u00eda.<br \/>\nEn cuanto a las proyecciones futuras, Villodas concluy\u00f3: \u201cLas condiciones de El Ni\u00f1o podr\u00edan llegar a su fin en dos o tres meses, entrando en una fase neutral. Aunque no hay garant\u00eda de a\u00f1os medios en una fase neutra, este a\u00f1o ha demostrado que el fen\u00f3meno del Ni\u00f1o puede generar a\u00f1os abundantes. La gesti\u00f3n cuidadosa de embalses y caudales es esencial para aprovechar esta situaci\u00f3n y asegurar un suministro adecuado de agua\u201d.<\/p>\n","protected":false},"excerpt":{"rendered":"<p>El director de gesti\u00f3n h\u00eddrica del Departamento General de Irrigaci\u00f3n, Rub\u00e9n Villodas, expres\u00f3 las novedades acerca de las condiciones de los &#8230;<\/p>\n","protected":false},"author":7,"featured_media":132194,"comment_status":"open","ping_status":"open","sticky":false,"template":"","format":"standard","meta":{"footnotes":""},"categories":[1],"tags":[],"class_list":["post-132192","post","type-post","status-publish","format-standard","has-post-thumbnail","hentry","category-fmvinas"],"_links":{"self":[{"href":"https:\/\/vinasfm.com\/noticias\/wp-json\/wp\/v2\/posts\/132192","targetHints":{"allow":["GET"]}}],"collection":[{"href":"https:\/\/vinasfm.com\/noticias\/wp-json\/wp\/v2\/posts"}],"about":[{"href":"https:\/\/vinasfm.com\/noticias\/wp-json\/wp\/v2\/types\/post"}],"author":[{"embeddable":true,"href":"https:\/\/vinasfm.com\/noticias\/wp-json\/wp\/v2\/users\/7"}],"replies":[{"embeddable":true,"href":"https:\/\/vinasfm.com\/noticias\/wp-json\/wp\/v2\/comments?post=132192"}],"version-history":[{"count":1,"href":"https:\/\/vinasfm.com\/noticias\/wp-json\/wp\/v2\/posts\/132192\/revisions"}],"predecessor-version":[{"id":132196,"href":"https:\/\/vinasfm.com\/noticias\/wp-json\/wp\/v2\/posts\/132192\/revisions\/132196"}],"wp:featuredmedia":[{"embeddable":true,"href":"https:\/\/vinasfm.com\/noticias\/wp-json\/wp\/v2\/media\/132194"}],"wp:attachment":[{"href":"https:\/\/vinasfm.com\/noticias\/wp-json\/wp\/v2\/media?parent=132192"}],"wp:term":[{"taxonomy":"category","embeddable":true,"href":"https:\/\/vinasfm.com\/noticias\/wp-json\/wp\/v2\/categories?post=132192"},{"taxonomy":"post_tag","embeddable":true,"href":"https:\/\/vinasfm.com\/noticias\/wp-json\/wp\/v2\/tags?post=132192"}],"curies":[{"name":"wp","href":"https:\/\/api.w.org\/{rel}","templated":true}]}}