{"id":132153,"date":"2024-02-01T10:10:10","date_gmt":"2024-02-01T13:10:10","guid":{"rendered":"https:\/\/vinasfm.com\/noticias\/?p=132153"},"modified":"2024-02-02T10:26:53","modified_gmt":"2024-02-02T13:26:53","slug":"febrero-inicio-con-aumentos-en-el-transporte-publico","status":"publish","type":"post","link":"https:\/\/vinasfm.com\/noticias\/febrero-inicio-con-aumentos-en-el-transporte-publico\/","title":{"rendered":"FEBRERO INICI\u00d3 CON AUMENTOS EN EL TRANSPORTE P\u00daBLICO"},"content":{"rendered":"<p><strong>Este nuevo incremento forma parte del aumento escalonado que propuso el Gobierno Provincial.<\/strong><\/p>\n<p>En el mes de octubre del 2023 fue anunciado el aumento escalonado, en tres fases, del trasporte p\u00fablico. Este jueves se dio el tercero y en Alvear el boleto m\u00e1s econ\u00f3mico supera los $300.<\/p>\n<ul>\n<li>General Alvear \u2013 Alvear Oeste:<strong> $320<\/strong><\/li>\n<li>General Alvear \u2013 Bowen:<strong> $490<\/strong><\/li>\n<li>General Alvear \u2013 Carmensa: <strong>$490<\/strong><\/li>\n<li>General Alvear \u2013 Real del Padre: <strong>$520<\/strong><\/li>\n<\/ul>\n<p>En cuanto al transporte de media y larga distancia se registraron estos valores: Desde General Alvear hasta San Rafael <strong>$1520<\/strong> y desde General Alvear hasta Mendoza <strong>$4590.<\/strong><\/p>\n<p><em>En la audiencia p\u00fablica celebrada el 14 de agosto pasado, las empresas de transporte solicitaron un incremento del 143%, mientras que el Ente de la Movilidad Provincial (EMOP) hab\u00eda estimado un aumento del 139%. Seg\u00fan los datos presentados en octubre en el Bolet\u00edn Oficial, el aumento total se sit\u00faa en un 185,7%.<\/em><\/p>\n<p>Pese al notable incremento, el subsecretario de Transporte de la provincia se\u00f1al\u00f3 que <strong>\u201cen Mendoza nos quedamos cortos con el aumento\u201d<\/strong> y remarc\u00f3 que <strong>\u201csigue siendo uno de los m\u00e1s econ\u00f3micos del pa\u00eds\u201d.<\/strong><\/p>\n","protected":false},"excerpt":{"rendered":"<p>Este nuevo incremento forma parte del aumento escalonado que propuso el Gobierno Provincial. En el mes de octubre del 2023 fue &#8230;<\/p>\n","protected":false},"author":7,"featured_media":132154,"comment_status":"open","ping_status":"open","sticky":false,"template":"","format":"standard","meta":{"footnotes":""},"categories":[5,169],"tags":[],"class_list":["post-132153","post","type-post","status-publish","format-standard","has-post-thumbnail","hentry","category-actualidad","category-aumentos"],"_links":{"self":[{"href":"https:\/\/vinasfm.com\/noticias\/wp-json\/wp\/v2\/posts\/132153","targetHints":{"allow":["GET"]}}],"collection":[{"href":"https:\/\/vinasfm.com\/noticias\/wp-json\/wp\/v2\/posts"}],"about":[{"href":"https:\/\/vinasfm.com\/noticias\/wp-json\/wp\/v2\/types\/post"}],"author":[{"embeddable":true,"href":"https:\/\/vinasfm.com\/noticias\/wp-json\/wp\/v2\/users\/7"}],"replies":[{"embeddable":true,"href":"https:\/\/vinasfm.com\/noticias\/wp-json\/wp\/v2\/comments?post=132153"}],"version-history":[{"count":1,"href":"https:\/\/vinasfm.com\/noticias\/wp-json\/wp\/v2\/posts\/132153\/revisions"}],"predecessor-version":[{"id":132155,"href":"https:\/\/vinasfm.com\/noticias\/wp-json\/wp\/v2\/posts\/132153\/revisions\/132155"}],"wp:featuredmedia":[{"embeddable":true,"href":"https:\/\/vinasfm.com\/noticias\/wp-json\/wp\/v2\/media\/132154"}],"wp:attachment":[{"href":"https:\/\/vinasfm.com\/noticias\/wp-json\/wp\/v2\/media?parent=132153"}],"wp:term":[{"taxonomy":"category","embeddable":true,"href":"https:\/\/vinasfm.com\/noticias\/wp-json\/wp\/v2\/categories?post=132153"},{"taxonomy":"post_tag","embeddable":true,"href":"https:\/\/vinasfm.com\/noticias\/wp-json\/wp\/v2\/tags?post=132153"}],"curies":[{"name":"wp","href":"https:\/\/api.w.org\/{rel}","templated":true}]}}