{"id":132131,"date":"2024-01-31T10:39:23","date_gmt":"2024-01-31T13:39:23","guid":{"rendered":"https:\/\/vinasfm.com\/noticias\/?p=132131"},"modified":"2024-02-01T10:28:06","modified_gmt":"2024-02-01T13:28:06","slug":"los-productores-mendocinos-y-sanjuaninos-le-ponen-precios-a-sus-uvas","status":"publish","type":"post","link":"https:\/\/vinasfm.com\/noticias\/los-productores-mendocinos-y-sanjuaninos-le-ponen-precios-a-sus-uvas\/","title":{"rendered":"LOS PRODUCTORES MENDOCINOS Y SANJUANINOS LE PONEN PRECIOS A SUS UVAS"},"content":{"rendered":"<p><span style=\"color: #000000;\"><strong>Tal como ocurre cada a\u00f1o, la Asociaci\u00f3n Vi\u00f1ateros de Mendoza, en conjunto con otras c\u00e1maras de Mendoza y de San Juan, esbozaron los valores sugeridos de venta de las uvas para vinos.<\/strong><\/span><\/p>\n<h2><span style=\"color: #000000;\"><strong>El comunicado conjunto: \u00a0<\/strong><\/span><\/h2>\n<p><span style=\"color: #000000;\">Con mucha seriedad y compromiso por defender la cultura del trabajo en la producci\u00f3n de uvas y bregando siempre por la Sostenibilidad del productor vitivin\u00edcola en todo el pa\u00eds y bas\u00e1ndonos en los costo de producci\u00f3n establecidos por el INTA Estaci\u00f3n Experimental Jun\u00edn y las distintas entidades participantes es que solicitamos que al productor se le pague un precio acorde con sus costos de producci\u00f3n (costos totales \/ kilogramos por hect\u00e1rea) y pugnando para que toda la cadena vitivin\u00edcola sea sostenible.<\/span><\/p>\n<p><span style=\"color: #000000;\">Instamos a los gobiernos y organismos nacionales y provinciales a realizar todos los esfuerzos necesarios a fines que toda la Industria pueda fijar una revisi\u00f3n de los costos de la misma y trabajar en una digna y equitativa distribuci\u00f3n.<\/span><\/p>\n<p><span style=\"color: #000000;\">Asimismo, con respecto a la Cosecha en curso, consideramos que ser\u00e1 inferior al promedio de los \u00faltimos a\u00f1os en todo el pa\u00eds, la cual evidentemente se sigue agudizando con los acontecimientos clim\u00e1ticos y la gran crisis h\u00eddrica en la zona norte, por lo tanto, esto deber\u00e1 verse reflejado en el precio pagado al productor.<\/span><\/p>\n<p><span style=\"color: #000000;\">No podemos seguir vendiendo por debajo de nuestros costos. Las bodegas deben entender que si seguimos este camino nos quedaremos sin productores, con todos los perjuicios sociales, econ\u00f3micos y habitacionales que ello provocar\u00eda para toda la sociedad.<\/span><\/p>\n<p><span style=\"color: #000000;\">Con todos estos fundamentos es que hemos acordado las entidades abajo firmantes precios bases sugeridos por kilogramo de uva de contado al d\u00eda de esta Asamblea 30\/01\/2024 (zona Norte, zona Este, zona Sur de Mendoza y Provincia de San Juan) los siguientes:<\/span><\/p>\n<p><span style=\"color: #000000;\">CRIOLLAS\/MEZCLAS DE u$s 0.37<\/span><\/p>\n<p><span style=\"color: #000000;\">BLANCAS A u$s 0.75,<\/span><\/p>\n<p><span style=\"color: #000000;\">BLANCAS B u$s 0.50<\/span><\/p>\n<p><span style=\"color: #000000;\">TINTAS A u$s 0.70,<\/span><\/p>\n<p><span style=\"color: #000000;\">TINTAS B u$s 0.50.<\/span><\/p>\n<p><span style=\"color: #000000;\">TC vendedor BNA<\/span><\/p>\n<p><span style=\"color: #000000;\">Integramos una cadena vitivin\u00edcola y somos su primer eslab\u00f3n, sin uva no hay vino ni enoturismo. Estamos pr\u00f3ximo a los festejos vendimiales, con la afluencia de turistas que ello significa y la cantidad de recursos de dinero que en estos momentos circulan gracias al enoturismo, hoteler\u00eda, restaurantes, etc. Nada de esto ser\u00eda posible si no hubiese productores produciendo la uva en nuestros vi\u00f1edos. Somo nosotros los que corremos los riesgos y da\u00f1os por heladas, granizos, sequia, etc. Exhortamos a los bodegueros a pagarnos precios justos por la uva que hoy estamos reclamando, a\u00fan hay tiempo de recuperar a nuestro campo Convocamos a m\u00e1s c\u00e1maras vi\u00f1ateras dentro del pa\u00eds a aunar esfuerzos:<\/span><\/p>\n<p><span style=\"color: #000000;\">ASOCIACION DE PRODUCTORES DEL OASIS ESTE DE MENDOZA<\/span><\/p>\n<p><span style=\"color: #000000;\">ASOCIACION DE VI\u00d1ATEROS DE MENDOZA<\/span><\/p>\n<p><span style=\"color: #000000;\">MESA VITICOLA DE SAN JUAN<\/span><\/p>\n<p><span style=\"color: #000000;\">ASOCIACION DE VI\u00d1ATEROS INDEPENDIENTES DE SAN JUAN<\/span><\/p>\n<p><span style=\"color: #000000;\">FEDERACION DE VI\u00d1ATEROS DE SAN JUAN<\/span><\/p>\n<p><span style=\"color: #000000;\">MESA DE ENLACE PRODUCTORES AGR\u00cdCOLAS DE MENDOZA<\/span><\/p>\n","protected":false},"excerpt":{"rendered":"<p>Tal como ocurre cada a\u00f1o, la Asociaci\u00f3n Vi\u00f1ateros de Mendoza, en conjunto con otras c\u00e1maras de Mendoza y de San Juan, &#8230;<\/p>\n","protected":false},"author":7,"featured_media":132132,"comment_status":"open","ping_status":"open","sticky":false,"template":"","format":"standard","meta":{"footnotes":""},"categories":[5,14],"tags":[],"class_list":["post-132131","post","type-post","status-publish","format-standard","has-post-thumbnail","hentry","category-actualidad","category-agro"],"_links":{"self":[{"href":"https:\/\/vinasfm.com\/noticias\/wp-json\/wp\/v2\/posts\/132131","targetHints":{"allow":["GET"]}}],"collection":[{"href":"https:\/\/vinasfm.com\/noticias\/wp-json\/wp\/v2\/posts"}],"about":[{"href":"https:\/\/vinasfm.com\/noticias\/wp-json\/wp\/v2\/types\/post"}],"author":[{"embeddable":true,"href":"https:\/\/vinasfm.com\/noticias\/wp-json\/wp\/v2\/users\/7"}],"replies":[{"embeddable":true,"href":"https:\/\/vinasfm.com\/noticias\/wp-json\/wp\/v2\/comments?post=132131"}],"version-history":[{"count":2,"href":"https:\/\/vinasfm.com\/noticias\/wp-json\/wp\/v2\/posts\/132131\/revisions"}],"predecessor-version":[{"id":132161,"href":"https:\/\/vinasfm.com\/noticias\/wp-json\/wp\/v2\/posts\/132131\/revisions\/132161"}],"wp:featuredmedia":[{"embeddable":true,"href":"https:\/\/vinasfm.com\/noticias\/wp-json\/wp\/v2\/media\/132132"}],"wp:attachment":[{"href":"https:\/\/vinasfm.com\/noticias\/wp-json\/wp\/v2\/media?parent=132131"}],"wp:term":[{"taxonomy":"category","embeddable":true,"href":"https:\/\/vinasfm.com\/noticias\/wp-json\/wp\/v2\/categories?post=132131"},{"taxonomy":"post_tag","embeddable":true,"href":"https:\/\/vinasfm.com\/noticias\/wp-json\/wp\/v2\/tags?post=132131"}],"curies":[{"name":"wp","href":"https:\/\/api.w.org\/{rel}","templated":true}]}}