{"id":132116,"date":"2024-01-31T09:44:29","date_gmt":"2024-01-31T12:44:29","guid":{"rendered":"https:\/\/vinasfm.com\/noticias\/?p=132116"},"modified":"2024-02-01T10:28:25","modified_gmt":"2024-02-01T13:28:25","slug":"axel-baron-y-brian-alferez-jugaran-el-federal-a-con-huracan-las-heras","status":"publish","type":"post","link":"https:\/\/vinasfm.com\/noticias\/axel-baron-y-brian-alferez-jugaran-el-federal-a-con-huracan-las-heras\/","title":{"rendered":"AXEL BAR\u00d3N Y BRIAN ALF\u00c9REZ JUGARAN EL FEDERAL A CON HURAC\u00c1N LAS HERAS"},"content":{"rendered":"<h4><strong>Dos alvearenses jugar\u00e1n la temporada 2024 del Federal A con la camiseta de\u00a0Hurac\u00e1nLH.<\/strong><\/h4>\n<p>Axel Bar\u00f3n, nuevo refuerzo del Globo, proveniente de Argentino.<br \/>\nBrian Alf\u00e9rez, que renov\u00f3 su v\u00ednculo y seguir\u00e1 ligado al club.<\/p>\n<p><a href=\"https:\/\/vinasfm.com\/noticias\/wp-content\/uploads\/2024\/01\/Brian-Alferez.jpg\"><img loading=\"lazy\" decoding=\"async\" class=\"alignnone wp-image-132118\" src=\"https:\/\/vinasfm.com\/noticias\/wp-content\/uploads\/2024\/01\/Brian-Alferez.jpg\" alt=\"\" width=\"300\" height=\"375\" srcset=\"https:\/\/vinasfm.com\/noticias\/wp-content\/uploads\/2024\/01\/Brian-Alferez.jpg 720w, https:\/\/vinasfm.com\/noticias\/wp-content\/uploads\/2024\/01\/Brian-Alferez-240x300.jpg 240w\" sizes=\"auto, (max-width: 300px) 100vw, 300px\" \/><\/a> <a href=\"https:\/\/vinasfm.com\/noticias\/wp-content\/uploads\/2024\/01\/Axel-Baron.jpg\"><img loading=\"lazy\" decoding=\"async\" class=\"alignnone wp-image-132117\" src=\"https:\/\/vinasfm.com\/noticias\/wp-content\/uploads\/2024\/01\/Axel-Baron.jpg\" alt=\"\" width=\"300\" height=\"375\" srcset=\"https:\/\/vinasfm.com\/noticias\/wp-content\/uploads\/2024\/01\/Axel-Baron.jpg 720w, https:\/\/vinasfm.com\/noticias\/wp-content\/uploads\/2024\/01\/Axel-Baron-240x300.jpg 240w\" sizes=\"auto, (max-width: 300px) 100vw, 300px\" \/><\/a><\/p>\n<p>&nbsp;<\/p>\n","protected":false},"excerpt":{"rendered":"<p>Dos alvearenses jugar\u00e1n la temporada 2024 del Federal A con la camiseta de\u00a0Hurac\u00e1nLH. Axel Bar\u00f3n, nuevo refuerzo del Globo, proveniente de &#8230;<\/p>\n","protected":false},"author":7,"featured_media":132128,"comment_status":"open","ping_status":"open","sticky":false,"template":"","format":"standard","meta":{"footnotes":""},"categories":[5,3],"tags":[],"class_list":["post-132116","post","type-post","status-publish","format-standard","has-post-thumbnail","hentry","category-actualidad","category-deportes"],"_links":{"self":[{"href":"https:\/\/vinasfm.com\/noticias\/wp-json\/wp\/v2\/posts\/132116","targetHints":{"allow":["GET"]}}],"collection":[{"href":"https:\/\/vinasfm.com\/noticias\/wp-json\/wp\/v2\/posts"}],"about":[{"href":"https:\/\/vinasfm.com\/noticias\/wp-json\/wp\/v2\/types\/post"}],"author":[{"embeddable":true,"href":"https:\/\/vinasfm.com\/noticias\/wp-json\/wp\/v2\/users\/7"}],"replies":[{"embeddable":true,"href":"https:\/\/vinasfm.com\/noticias\/wp-json\/wp\/v2\/comments?post=132116"}],"version-history":[{"count":3,"href":"https:\/\/vinasfm.com\/noticias\/wp-json\/wp\/v2\/posts\/132116\/revisions"}],"predecessor-version":[{"id":132162,"href":"https:\/\/vinasfm.com\/noticias\/wp-json\/wp\/v2\/posts\/132116\/revisions\/132162"}],"wp:featuredmedia":[{"embeddable":true,"href":"https:\/\/vinasfm.com\/noticias\/wp-json\/wp\/v2\/media\/132128"}],"wp:attachment":[{"href":"https:\/\/vinasfm.com\/noticias\/wp-json\/wp\/v2\/media?parent=132116"}],"wp:term":[{"taxonomy":"category","embeddable":true,"href":"https:\/\/vinasfm.com\/noticias\/wp-json\/wp\/v2\/categories?post=132116"},{"taxonomy":"post_tag","embeddable":true,"href":"https:\/\/vinasfm.com\/noticias\/wp-json\/wp\/v2\/tags?post=132116"}],"curies":[{"name":"wp","href":"https:\/\/api.w.org\/{rel}","templated":true}]}}