{"id":131941,"date":"2024-01-26T08:17:45","date_gmt":"2024-01-26T11:17:45","guid":{"rendered":"https:\/\/vinasfm.com\/noticias\/?p=131941"},"modified":"2024-01-27T10:00:47","modified_gmt":"2024-01-27T13:00:47","slug":"vendimia-2024-conoce-a-denise-fernandez-representante-de-el-juncalito","status":"publish","type":"post","link":"https:\/\/vinasfm.com\/noticias\/vendimia-2024-conoce-a-denise-fernandez-representante-de-el-juncalito\/","title":{"rendered":"VENDIMIA 2024: CONOCE A DENISE FERN\u00c1NDEZ, REPRESENTANTE DE &#8216;EL JUNCALITO&#8217;"},"content":{"rendered":"<p><span style=\"color: #000000;\"><strong>La joven de 18 a\u00f1os destac\u00f3 el crecimiento de su paraje.<\/strong><\/span><\/p>\n<p><span style=\"color: #000000;\">En exclusiva para FM VI\u00d1AS, Denise record\u00f3 con emoci\u00f3n que <strong><em>\u201cdesde chica fue un sue\u00f1o ser parte de vendimia, hoy es un desaf\u00edo y compromiso enorme\u201d.<\/em><\/strong> Sobre su rol en Vendimia dijo: <strong><em>\u201cme gusta estar con la gente y recorrer cada punto de nuestro General Alvear, es muy importante para m\u00ed sentirme acompa\u00f1ada\u201d.<\/em><\/strong><\/span><\/p>\n<p><span style=\"color: #000000;\">El pasado 13 de enero fue presentada junto a sus compa\u00f1eras, desde entonces han participado en distintas capacitaciones como lo son Ley Micaela y protocolo, sin embargo destac\u00f3 que su favorita fue danzas folcl\u00f3ricas junto al reconocido profesor Jorge Rubio. \u00a0A diferencia del a\u00f1o 2023, este a\u00f1o General Alvear cuenta con 8 candidatas al Cetro Departamental, <strong><em>\u201cnos estamos acompa\u00f1ando mucho entre todas porque es una experiencia nueva para cada una de nosotras\u201d.<\/em><\/strong><\/span><\/p>\n<p><img loading=\"lazy\" decoding=\"async\" class=\"\" src=\"https:\/\/scontent.fmdz5-1.fna.fbcdn.net\/v\/t39.30808-6\/417379175_777428284423639_7518166185322636309_n.jpg?_nc_cat=101&amp;ccb=1-7&amp;_nc_sid=dd5e9f&amp;_nc_ohc=IUXXhUIJgvkAX-cw-Ty&amp;_nc_ht=scontent.fmdz5-1.fna&amp;oh=00_AfDjxO9bXuITyC_pDhPKg70zfPUXP598Yvuks_fRV8n4gg&amp;oe=65B85C4C\" alt=\"Puede ser una imagen de una persona y texto\" width=\"291\" height=\"413\" \/> \u00a0<img loading=\"lazy\" decoding=\"async\" class=\"\" src=\"https:\/\/scontent.fmdz5-1.fna.fbcdn.net\/v\/t39.30808-6\/417433986_774694291363705_729957636606350926_n.jpg?_nc_cat=103&amp;ccb=1-7&amp;_nc_sid=783fdb&amp;_nc_ohc=3lrM7lc0BgIAX_w3-WS&amp;_nc_ht=scontent.fmdz5-1.fna&amp;oh=00_AfCH1OtMXVUNXyfsOVdFX8nXT38bjhh0mPfkV2QhXdxzyQ&amp;oe=65B86814\" alt=\"Puede ser una imagen de una persona y texto\" width=\"274\" height=\"411\" \/><\/p>\n<p><span style=\"color: #000000;\">Fern\u00e1ndez finaliz\u00f3 los estudios secundarios en el a\u00f1o 2023, en el Instituto San Antonio, y en la actualidad se prepara para cursar la carrera de Trabajo Social; <strong><em>\u201csiempre me gust\u00f3 recorrer, acompa\u00f1ar y ayudar a las personas\u201d. <\/em><\/strong><\/span><\/p>\n<p><span style=\"color: #000000;\">Finalmente, Denise Fern\u00e1ndez, envi\u00f3 un c\u00e1lido mensaje a los productores locales:<strong><em> \u201ctenemos agricultores y trabajadores de primera calidad y eso se traduce en sus producciones. Lamentablemente venimos de una tormenta que dej\u00f3 graves consecuencias en el sector, pero conf\u00edo en que \u00a0se podr\u00e1n fortalecer y continuar trabajando la tierra\u201d. <\/em><\/strong><\/span><\/p>\n","protected":false},"excerpt":{"rendered":"<p>La joven de 18 a\u00f1os destac\u00f3 el crecimiento de su paraje. En exclusiva para FM VI\u00d1AS, Denise record\u00f3 con emoci\u00f3n que &#8230;<\/p>\n","protected":false},"author":7,"featured_media":131942,"comment_status":"open","ping_status":"open","sticky":false,"template":"","format":"standard","meta":{"footnotes":""},"categories":[5,25],"tags":[],"class_list":["post-131941","post","type-post","status-publish","format-standard","has-post-thumbnail","hentry","category-actualidad","category-vendimia"],"_links":{"self":[{"href":"https:\/\/vinasfm.com\/noticias\/wp-json\/wp\/v2\/posts\/131941","targetHints":{"allow":["GET"]}}],"collection":[{"href":"https:\/\/vinasfm.com\/noticias\/wp-json\/wp\/v2\/posts"}],"about":[{"href":"https:\/\/vinasfm.com\/noticias\/wp-json\/wp\/v2\/types\/post"}],"author":[{"embeddable":true,"href":"https:\/\/vinasfm.com\/noticias\/wp-json\/wp\/v2\/users\/7"}],"replies":[{"embeddable":true,"href":"https:\/\/vinasfm.com\/noticias\/wp-json\/wp\/v2\/comments?post=131941"}],"version-history":[{"count":1,"href":"https:\/\/vinasfm.com\/noticias\/wp-json\/wp\/v2\/posts\/131941\/revisions"}],"predecessor-version":[{"id":131943,"href":"https:\/\/vinasfm.com\/noticias\/wp-json\/wp\/v2\/posts\/131941\/revisions\/131943"}],"wp:featuredmedia":[{"embeddable":true,"href":"https:\/\/vinasfm.com\/noticias\/wp-json\/wp\/v2\/media\/131942"}],"wp:attachment":[{"href":"https:\/\/vinasfm.com\/noticias\/wp-json\/wp\/v2\/media?parent=131941"}],"wp:term":[{"taxonomy":"category","embeddable":true,"href":"https:\/\/vinasfm.com\/noticias\/wp-json\/wp\/v2\/categories?post=131941"},{"taxonomy":"post_tag","embeddable":true,"href":"https:\/\/vinasfm.com\/noticias\/wp-json\/wp\/v2\/tags?post=131941"}],"curies":[{"name":"wp","href":"https:\/\/api.w.org\/{rel}","templated":true}]}}