{"id":131935,"date":"2024-01-26T08:51:06","date_gmt":"2024-01-26T11:51:06","guid":{"rendered":"https:\/\/vinasfm.com\/noticias\/?p=131935"},"modified":"2024-01-27T09:59:37","modified_gmt":"2024-01-27T12:59:37","slug":"el-plan-provincial-de-manejo-del-fuego-realiza-operativos-preventivos-para-evitar-incendios-por-las-altas-temperaturas","status":"publish","type":"post","link":"https:\/\/vinasfm.com\/noticias\/el-plan-provincial-de-manejo-del-fuego-realiza-operativos-preventivos-para-evitar-incendios-por-las-altas-temperaturas\/","title":{"rendered":"EL PLAN PROVINCIAL DE MANEJO DEL FUEGO REALIZA OPERATIVOS PREVENTIVOS PARA EVITAR INCENDIOS POR LAS ALTAS TEMPERATURAS"},"content":{"rendered":"<p><strong><span style=\"color: #000000;\">El Ministerio de Energ\u00eda y Ambiente, por medio del Plan Provincial de Manejo del Fuego, volver\u00e1 a activar los protocolos de operativos preventivos de incendios, principalmente en zonas cr\u00edticas o de riesgo por sequ\u00eda y calor.<\/span><\/strong><\/p>\n<p><span style=\"color: #000000;\">La Subsecretar\u00eda de Ambiente, a trav\u00e9s del Plan Provincial de Manejo del Fuego, informa la estimaci\u00f3n del \u00cdndice Meteorol\u00f3gico de Peligro para Incendios Forestales para la Provincia de Mendoza y se alerta a la poblaci\u00f3n para los pr\u00f3ximos d\u00edas.<\/span><\/p>\n<p><span style=\"color: #000000;\">En lo que va de la temporada, durante noviembre y diciembre 2023 y enero 2024, se registraron 30 incendios forestales, que afectaron una superficie total de 8.200 hect\u00e1reas aproximadamente.<\/span><\/p>\n<p><span style=\"color: #000000;\">El subsecretario de Ambiente, Sebasti\u00e1n Melchor, coment\u00f3 que <strong><em>\u201cla alerta temprana y la intervenci\u00f3n inmediata han contribuido considerablemente a que los incendios por causas naturales no lleguen a tomar grandes dimensiones\u201d.<\/em><\/strong><\/span><\/p>\n<p><span style=\"color: #000000;\">Melchor explic\u00f3 que las condiciones predominantes de estos \u00faltimos d\u00edas han favorecido la desecaci\u00f3n de combustibles finos en distintos puntos de la provincia. Adem\u00e1s, agreg\u00f3: <strong><em>\u201cDebido a las altas temperaturas pronosticadas durante los pr\u00f3ximos d\u00edas, sumado a la concurrencia que tendr\u00e1n las zonas de afluencia tur\u00edstica durante el fin de semana, el Plan Provincial de Manejo del Fuego incrementar\u00e1 los protocolos de operativos preventivos de incendios\u201d.<\/em><\/strong><\/span><\/p>\n<p><span style=\"color: #000000;\">Es importante aclarar que el factor <em><strong>\u201ccausa humana\u201d<\/strong><\/em>, ya sea intencional o negligente, incrementa considerablemente la posibilidad de incendios, siendo esta una de las causas menos predecibles.<\/span><\/p>\n<p><span style=\"color: #000000;\">Por eso, desde el Gobierno advirtieron que se aplicar\u00e1n sanciones a quienes detecten encendiendo cualquier tipo de fuego \u2013en cumplimiento del C\u00f3digo Contravencional de la Provincia o normativas como la Ley 6099\u2013, las cuales incluyen penas de arresto y multas que alcanzan un monto m\u00e1ximo de $17.780.000 y de hasta $50.800 cuando no causare da\u00f1os irreversibles.<\/span><\/p>\n<p><span style=\"color: #000000;\">Teniendo en cuenta la ola de calor pronosticada para los pr\u00f3ximos d\u00edas y habiendo efectuado una proyecci\u00f3n del \u00cdndice Meteorol\u00f3gico de Peligro para Incendios Forestales (IMPIF), se pueden observar los siguientes resultados para las distintas estaciones monitoreadas:<\/span><\/p>\n<p><img decoding=\"async\" src=\"https:\/\/www.mendoza.gov.ar\/wp-content\/uploads\/sites\/5\/2024\/01\/WhatsApp-Image-2024-01-25-at-11.05.51-700x394.jpeg\" \/><\/p>\n<h2><span style=\"color: #000000;\"><strong>Recomendaciones a la poblaci\u00f3n<\/strong><\/span><\/h2>\n<ul>\n<li><span style=\"color: #000000;\">Extremar las medidas de mitigaci\u00f3n y prevenci\u00f3n.<\/span><\/li>\n<li><span style=\"color: #000000;\">No realizar fuego fuera de las \u00e1reas de recreaci\u00f3n destinadas para ese fin y extremar las medidas de control en ellas.<\/span><\/li>\n<li><span style=\"color: #000000;\">No permitir la realizaci\u00f3n de fuego en ning\u00fan lugar que presente condiciones de riesgo por proximidad a la vegetaci\u00f3n (Ley 6099).<\/span><\/li>\n<li><span style=\"color: #000000;\">En caso de observar el uso del fuego como herramienta de limpieza o incendio, avisar inmediatamente al 911.<\/span><\/li>\n<\/ul>\n<p><span style=\"color: #000000;\">En caso de producirse un incendio forestal, tendr\u00e1 un comportamiento err\u00e1tico con r\u00e1pida propagaci\u00f3n y muy alta resistencia al control. En caso de que esto suceda, el Gobierno provincial coordinar\u00e1 maquinaria vial a fines de conocer su ubicaci\u00f3n, alistamiento y disposici\u00f3n acortando as\u00ed los tiempos de respuesta ante la ocurrencia de incendio y se realizar\u00e1n patrullajes preventivos en zonas de afluencia tur\u00edstica (Polic\u00eda, preventores, etc.). Tambi\u00e9n se Informar\u00e1 de la condici\u00f3n a los distintos cuarteles de Bomberos y a las \u00e1reas de Defensa Civil de los municipios.<\/span><\/p>\n","protected":false},"excerpt":{"rendered":"<p>El Ministerio de Energ\u00eda y Ambiente, por medio del Plan Provincial de Manejo del Fuego, volver\u00e1 a activar los protocolos de &#8230;<\/p>\n","protected":false},"author":7,"featured_media":131936,"comment_status":"open","ping_status":"open","sticky":false,"template":"","format":"standard","meta":{"footnotes":""},"categories":[5,10],"tags":[],"class_list":["post-131935","post","type-post","status-publish","format-standard","has-post-thumbnail","hentry","category-actualidad","category-destacadas"],"_links":{"self":[{"href":"https:\/\/vinasfm.com\/noticias\/wp-json\/wp\/v2\/posts\/131935","targetHints":{"allow":["GET"]}}],"collection":[{"href":"https:\/\/vinasfm.com\/noticias\/wp-json\/wp\/v2\/posts"}],"about":[{"href":"https:\/\/vinasfm.com\/noticias\/wp-json\/wp\/v2\/types\/post"}],"author":[{"embeddable":true,"href":"https:\/\/vinasfm.com\/noticias\/wp-json\/wp\/v2\/users\/7"}],"replies":[{"embeddable":true,"href":"https:\/\/vinasfm.com\/noticias\/wp-json\/wp\/v2\/comments?post=131935"}],"version-history":[{"count":1,"href":"https:\/\/vinasfm.com\/noticias\/wp-json\/wp\/v2\/posts\/131935\/revisions"}],"predecessor-version":[{"id":131937,"href":"https:\/\/vinasfm.com\/noticias\/wp-json\/wp\/v2\/posts\/131935\/revisions\/131937"}],"wp:featuredmedia":[{"embeddable":true,"href":"https:\/\/vinasfm.com\/noticias\/wp-json\/wp\/v2\/media\/131936"}],"wp:attachment":[{"href":"https:\/\/vinasfm.com\/noticias\/wp-json\/wp\/v2\/media?parent=131935"}],"wp:term":[{"taxonomy":"category","embeddable":true,"href":"https:\/\/vinasfm.com\/noticias\/wp-json\/wp\/v2\/categories?post=131935"},{"taxonomy":"post_tag","embeddable":true,"href":"https:\/\/vinasfm.com\/noticias\/wp-json\/wp\/v2\/tags?post=131935"}],"curies":[{"name":"wp","href":"https:\/\/api.w.org\/{rel}","templated":true}]}}