{"id":131926,"date":"2024-01-25T19:34:32","date_gmt":"2024-01-25T22:34:32","guid":{"rendered":"https:\/\/vinasfm.com\/noticias\/?p=131926"},"modified":"2024-01-25T19:34:32","modified_gmt":"2024-01-25T22:34:32","slug":"ya-tiene-fecha-el-inicio-de-las-paritarias-entre-el-gobierno-provincial-y-los-gremios-estatales","status":"publish","type":"post","link":"https:\/\/vinasfm.com\/noticias\/ya-tiene-fecha-el-inicio-de-las-paritarias-entre-el-gobierno-provincial-y-los-gremios-estatales\/","title":{"rendered":"YA TIENE FECHA EL INICIO DE LAS PARITARIAS ENTRE EL GOBIERNO PROVINCIAL Y LOS GREMIOS ESTATALES"},"content":{"rendered":"<p><strong>Desde el Ejecutivo confirmaron que este lunes comenzar\u00e1n las negociaciones con los sindicatos. Los primeros en sentarse en la mesa ser\u00e1n SUTE y ATE.<\/strong><\/p>\n<p>El Gobierno provincial confirm\u00f3 que este lunes comenzar\u00e1n las negociaciones paritarias con los gremios estatales.<\/p>\n<p><em><strong>\u201cDebido a la dif\u00edcil situaci\u00f3n econ\u00f3mica que vive el pa\u00eds y con un alto \u00edndice inflacionario, el Gobierno de Mendoza decidi\u00f3 adelantar m\u00e1s de 60 d\u00edas las paritarias\u201d<\/strong><\/em>, destaca un comunicado oficial.<\/p>\n<p>El inicio ser\u00e1 con el Sindicato Unido de Trabajadores de la Educaci\u00f3n (SUTE) y la Asociaci\u00f3n de Trabajadores del Estado (ATE), y luego continuar\u00e1 con el resto de los sectores.<\/p>\n<p>Esta decisi\u00f3n de adelantar los encuentros paritarios se dio luego de conocerse la inflaci\u00f3n de diciembre, que se ubic\u00f3 en el 25,5%.<\/p>\n<p>El propio gobernador Alfredo Cornejo hab\u00eda confirmado el adelantamiento de las paritarias, debido al proceso inflacionario. En tal sentido, los primeros encuentros con los sindicatos se producir\u00e1n tras el regreso del mandatario de una gira oficial por Espa\u00f1a.<\/p>\n<p><em><strong>\u201cEs importante se\u00f1alar que en las \u00faltimas paritarias, qued\u00f3 establecida una cl\u00e1usula de garant\u00eda seg\u00fan la cual el Ejecutivo provincial se compromet\u00eda a reunirse con los representantes de los trabajadores en abril. Con esta decisi\u00f3n, el Ejecutivo adelanta la discusi\u00f3n por un per\u00edodo superior a 60 d\u00edas\u201d,<\/strong> agrega la comunicaci\u00f3n.<\/em><\/p>\n","protected":false},"excerpt":{"rendered":"<p>Desde el Ejecutivo confirmaron que este lunes comenzar\u00e1n las negociaciones con los sindicatos. Los primeros en sentarse en la mesa ser\u00e1n &#8230;<\/p>\n","protected":false},"author":7,"featured_media":131927,"comment_status":"open","ping_status":"open","sticky":false,"template":"","format":"standard","meta":{"footnotes":""},"categories":[1],"tags":[],"class_list":["post-131926","post","type-post","status-publish","format-standard","has-post-thumbnail","hentry","category-fmvinas"],"_links":{"self":[{"href":"https:\/\/vinasfm.com\/noticias\/wp-json\/wp\/v2\/posts\/131926","targetHints":{"allow":["GET"]}}],"collection":[{"href":"https:\/\/vinasfm.com\/noticias\/wp-json\/wp\/v2\/posts"}],"about":[{"href":"https:\/\/vinasfm.com\/noticias\/wp-json\/wp\/v2\/types\/post"}],"author":[{"embeddable":true,"href":"https:\/\/vinasfm.com\/noticias\/wp-json\/wp\/v2\/users\/7"}],"replies":[{"embeddable":true,"href":"https:\/\/vinasfm.com\/noticias\/wp-json\/wp\/v2\/comments?post=131926"}],"version-history":[{"count":1,"href":"https:\/\/vinasfm.com\/noticias\/wp-json\/wp\/v2\/posts\/131926\/revisions"}],"predecessor-version":[{"id":131928,"href":"https:\/\/vinasfm.com\/noticias\/wp-json\/wp\/v2\/posts\/131926\/revisions\/131928"}],"wp:featuredmedia":[{"embeddable":true,"href":"https:\/\/vinasfm.com\/noticias\/wp-json\/wp\/v2\/media\/131927"}],"wp:attachment":[{"href":"https:\/\/vinasfm.com\/noticias\/wp-json\/wp\/v2\/media?parent=131926"}],"wp:term":[{"taxonomy":"category","embeddable":true,"href":"https:\/\/vinasfm.com\/noticias\/wp-json\/wp\/v2\/categories?post=131926"},{"taxonomy":"post_tag","embeddable":true,"href":"https:\/\/vinasfm.com\/noticias\/wp-json\/wp\/v2\/tags?post=131926"}],"curies":[{"name":"wp","href":"https:\/\/api.w.org\/{rel}","templated":true}]}}