{"id":131923,"date":"2024-01-25T19:07:26","date_gmt":"2024-01-25T22:07:26","guid":{"rendered":"https:\/\/vinasfm.com\/noticias\/?p=131923"},"modified":"2024-01-25T19:07:26","modified_gmt":"2024-01-25T22:07:26","slug":"el-gobierno-insta-a-seguir-la-recomendaciones-del-epre-para-un-uso-eficiente-y-racional-de-la-energia","status":"publish","type":"post","link":"https:\/\/vinasfm.com\/noticias\/el-gobierno-insta-a-seguir-la-recomendaciones-del-epre-para-un-uso-eficiente-y-racional-de-la-energia\/","title":{"rendered":"EL GOBIERNO INSTA A SEGUIR LA RECOMENDACIONES DEL EPRE PARA UN USO EFICIENTE Y RACIONAL DE LA ENERG\u00cdA"},"content":{"rendered":"<p><strong>Las altas temperaturas aumentan la demanda el\u00e9ctrica. Entre todos podemos ayudar a evitar la sobrecarga del servicio el\u00e9ctrico siguiendo sencillas recomendaciones.<\/strong><\/p>\n<p>Durante las pr\u00f3ximas dos semanas, seg\u00fan los pron\u00f3sticos meteorol\u00f3gicos, se registrar\u00e1n temperaturas extremas, que alcanzar\u00edan m\u00ednimas y m\u00e1ximas elevadas. Este fen\u00f3meno clim\u00e1tico, conocido como \u201cola de calor\u201d, provoca que la demanda del consumo de energ\u00eda el\u00e9ctrica aumente llegando a niveles que podr\u00edan generar interrupciones del servicio por las sobrecargas que provocan las actuaciones de las protecciones del sistema. Para que esto no ocurra, es importante utilizar la energ\u00eda de manera eficiente y racional.<\/p>\n<p>En este contexto, el Gobierno insta a la poblaci\u00f3n a seguir las recomendaciones del Ente Provincial Regulador de la Energ\u00eda -EPRE- para evitar consumos el\u00e9ctricos innecesarios.<\/p>\n<p><strong>El aire acondicionado, es un gran aliado durante los d\u00edas de calor:<\/strong><\/p>\n<ul>\n<li>\u00a0Fij\u00e1 su temperatura entre 24\u00b0 y 26\u00b0. Es una temperatura confortable para cualquier ambiente. Por cada grado que se disminuye, el consumo aumenta entre un 5 y 8%.<\/li>\n<li>\u00a0Limpi\u00e1 los filtros. Ayuda a un mejor funcionamiento del equipo y a optimizar el consumo.<\/li>\n<li>\u00a0Cerr\u00e1 las habitaciones a refrigerar. Oscurec\u00e9 los ambientes y apag\u00e1 las luces de aquellos que no se usen.<\/li>\n<li>Evit\u00e1 el ingreso de aire del exterior al ambiente climatizado.<\/li>\n<\/ul>\n<p>Adem\u00e1s, en lo posible desplaz\u00e1 hacia horarios de la ma\u00f1ana tareas de lavado y planchado y desenchuf\u00e1 aparatos que se encuentren encendidos innecesariamente.<\/p>\n<p>Otra medida importante es <strong>no realizar conexiones clandestinas;<\/strong> son peligrosas y atentan contra la seguridad personal de quien la realiza y del sistema el\u00e9ctrico en general.<\/p>\n<p>Ante un problema con el servicio el\u00e9ctrico <strong>informalo a tu distribuidora<\/strong>, en el dorso de las facturas se encuentran las v\u00edas de contacto.<\/p>\n","protected":false},"excerpt":{"rendered":"<p>Las altas temperaturas aumentan la demanda el\u00e9ctrica. Entre todos podemos ayudar a evitar la sobrecarga del servicio el\u00e9ctrico siguiendo sencillas recomendaciones. &#8230;<\/p>\n","protected":false},"author":7,"featured_media":131924,"comment_status":"open","ping_status":"open","sticky":false,"template":"","format":"standard","meta":{"footnotes":""},"categories":[1],"tags":[],"class_list":["post-131923","post","type-post","status-publish","format-standard","has-post-thumbnail","hentry","category-fmvinas"],"_links":{"self":[{"href":"https:\/\/vinasfm.com\/noticias\/wp-json\/wp\/v2\/posts\/131923","targetHints":{"allow":["GET"]}}],"collection":[{"href":"https:\/\/vinasfm.com\/noticias\/wp-json\/wp\/v2\/posts"}],"about":[{"href":"https:\/\/vinasfm.com\/noticias\/wp-json\/wp\/v2\/types\/post"}],"author":[{"embeddable":true,"href":"https:\/\/vinasfm.com\/noticias\/wp-json\/wp\/v2\/users\/7"}],"replies":[{"embeddable":true,"href":"https:\/\/vinasfm.com\/noticias\/wp-json\/wp\/v2\/comments?post=131923"}],"version-history":[{"count":1,"href":"https:\/\/vinasfm.com\/noticias\/wp-json\/wp\/v2\/posts\/131923\/revisions"}],"predecessor-version":[{"id":131925,"href":"https:\/\/vinasfm.com\/noticias\/wp-json\/wp\/v2\/posts\/131923\/revisions\/131925"}],"wp:featuredmedia":[{"embeddable":true,"href":"https:\/\/vinasfm.com\/noticias\/wp-json\/wp\/v2\/media\/131924"}],"wp:attachment":[{"href":"https:\/\/vinasfm.com\/noticias\/wp-json\/wp\/v2\/media?parent=131923"}],"wp:term":[{"taxonomy":"category","embeddable":true,"href":"https:\/\/vinasfm.com\/noticias\/wp-json\/wp\/v2\/categories?post=131923"},{"taxonomy":"post_tag","embeddable":true,"href":"https:\/\/vinasfm.com\/noticias\/wp-json\/wp\/v2\/tags?post=131923"}],"curies":[{"name":"wp","href":"https:\/\/api.w.org\/{rel}","templated":true}]}}