{"id":131920,"date":"2024-01-25T18:51:15","date_gmt":"2024-01-25T21:51:15","guid":{"rendered":"https:\/\/vinasfm.com\/noticias\/?p=131920"},"modified":"2024-01-26T09:58:21","modified_gmt":"2024-01-26T12:58:21","slug":"en-marzo-regresa-el-programa-la-garrafa-en-tu-barrio","status":"publish","type":"post","link":"https:\/\/vinasfm.com\/noticias\/en-marzo-regresa-el-programa-la-garrafa-en-tu-barrio\/","title":{"rendered":"EN MARZO REGRESAR\u00cdA EL PROGRAMA \u00abLA GARRAFA EN TU BARRIO\u00bb"},"content":{"rendered":"<p><strong>As\u00ed lo anticip\u00f3 Ernesto Mancinelli, Director General de Desarrollo Comunitario de Mendoza, en su visita a General Alvear.<\/strong><\/p>\n<p>El Director Ernesto Mancinelli y su equipo, se reunieron con el intendente Alejandro Molero para coordinar acciones y ayudar a dar respuesta a las necesidades de la comunidad en medio de la crisis econ\u00f3mica del pa\u00eds.<\/p>\n<p>Seg\u00fan explic\u00f3 en conferencia de prensa han estado trabajando en la entrega de alimentos, techos y mejoras en un refugio para mujeres, as\u00ed como en el apoyo a la econom\u00eda social. Tambi\u00e9n mencion\u00f3 el programa<em><strong> \u00abGarrafa en tu barrio\u00bb,<\/strong><\/em> y se espera que regrese a principios del mes marzo.<\/p>\n<p><strong><em>\u201cHemos venido a reunirnos con el intendente Alejandro Molero y su equipo, para conocer las necesidades y un poco la realidad de Alvear, y coordinar acciones de ayuda para poder dar respuestas m\u00e1s r\u00e1pido y m\u00e1s efectivas a quien lo est\u00e9 necesitando\u201d,<\/em><\/strong> dijo Mancinelli.<\/p>\n<p>En ese sentido afirm\u00f3 que est\u00e1n con la entrega de algunos m\u00f3dulos alimentarios y techos; y confirm\u00f3 que seguir\u00e1n con algunos programas que son muy importantes como la <strong><em>\u201cgarrafa en tu barrio\u201d, \u201cCon ese programa garantizamos el acceso al gas, no s\u00f3lo en la \u00e9poca invernal, sino que ya es un programa que viene teniendo un desarrollo durante todo el a\u00f1o, porque mucha gente lo utiliza para cocinar, para calefaccionarse\u201d<\/em><\/strong>, expres\u00f3.<\/p>\n<p>A regl\u00f3n seguido cont\u00f3 que han llamado a una nueva licitaci\u00f3n <strong><em>\u201cy seguramente los primeros d\u00edas de marzo ya vamos a estar con los operativos otra vez en todo el territorio de la provincia\u201d<\/em><\/strong>, cerr\u00f3.<\/p>\n","protected":false},"excerpt":{"rendered":"<p>As\u00ed lo anticip\u00f3 Ernesto Mancinelli, Director General de Desarrollo Comunitario de Mendoza, en su visita a General Alvear. El Director Ernesto &#8230;<\/p>\n","protected":false},"author":7,"featured_media":131921,"comment_status":"open","ping_status":"open","sticky":false,"template":"","format":"standard","meta":{"footnotes":""},"categories":[1],"tags":[],"class_list":["post-131920","post","type-post","status-publish","format-standard","has-post-thumbnail","hentry","category-fmvinas"],"_links":{"self":[{"href":"https:\/\/vinasfm.com\/noticias\/wp-json\/wp\/v2\/posts\/131920","targetHints":{"allow":["GET"]}}],"collection":[{"href":"https:\/\/vinasfm.com\/noticias\/wp-json\/wp\/v2\/posts"}],"about":[{"href":"https:\/\/vinasfm.com\/noticias\/wp-json\/wp\/v2\/types\/post"}],"author":[{"embeddable":true,"href":"https:\/\/vinasfm.com\/noticias\/wp-json\/wp\/v2\/users\/7"}],"replies":[{"embeddable":true,"href":"https:\/\/vinasfm.com\/noticias\/wp-json\/wp\/v2\/comments?post=131920"}],"version-history":[{"count":2,"href":"https:\/\/vinasfm.com\/noticias\/wp-json\/wp\/v2\/posts\/131920\/revisions"}],"predecessor-version":[{"id":131944,"href":"https:\/\/vinasfm.com\/noticias\/wp-json\/wp\/v2\/posts\/131920\/revisions\/131944"}],"wp:featuredmedia":[{"embeddable":true,"href":"https:\/\/vinasfm.com\/noticias\/wp-json\/wp\/v2\/media\/131921"}],"wp:attachment":[{"href":"https:\/\/vinasfm.com\/noticias\/wp-json\/wp\/v2\/media?parent=131920"}],"wp:term":[{"taxonomy":"category","embeddable":true,"href":"https:\/\/vinasfm.com\/noticias\/wp-json\/wp\/v2\/categories?post=131920"},{"taxonomy":"post_tag","embeddable":true,"href":"https:\/\/vinasfm.com\/noticias\/wp-json\/wp\/v2\/tags?post=131920"}],"curies":[{"name":"wp","href":"https:\/\/api.w.org\/{rel}","templated":true}]}}