{"id":131910,"date":"2024-01-25T10:44:55","date_gmt":"2024-01-25T13:44:55","guid":{"rendered":"https:\/\/vinasfm.com\/noticias\/?p=131910"},"modified":"2024-01-25T11:02:16","modified_gmt":"2024-01-25T14:02:16","slug":"protectora-explico-que-el-gas-aumentara-un-50-con-la-derogacion-de-zonas-frias-ademas-del-incremento-estimado-en-un-700","status":"publish","type":"post","link":"https:\/\/vinasfm.com\/noticias\/protectora-explico-que-el-gas-aumentara-un-50-con-la-derogacion-de-zonas-frias-ademas-del-incremento-estimado-en-un-700\/","title":{"rendered":"PROTECTORA EXPLIC\u00d3 QUE EL GAS AUMENTAR\u00c1 UN 50% CON LA DEROGACI\u00d3N DE \u201cZONAS FR\u00cdAS\u201d, ADEM\u00c1S DEL INCREMENTO ESTIMADO EN UN 700%"},"content":{"rendered":"<p><span style=\"color: #000000;\"><strong>La presidenta de la ONG Protectora, Romina R\u00edos, explic\u00f3 que la derogaci\u00f3n de tarifas especiales mediante la Ley \u00d3mnibus de Javier Milei, que hist\u00f3ricamente beneficiaba a las provincias de la Patagonia, es una medida que afectar\u00e1 directamente a Mendoza. La ampliaci\u00f3n de \u201czonas fr\u00edas\u201d, realizada en 2021, incluy\u00f3 a nuestra provincia, proporcionando descuentos a usuarios que cumpl\u00edan ciertos requisitos.<\/strong><\/span><\/p>\n<p><span style=\"color: #000000;\"><strong><em>\u201cLa ley de zona fr\u00eda reduc\u00eda entre un 30 y un 50 por ciento las tarifas para aquellos usuarios que no percib\u00edan m\u00e1s de cuatro salarios m\u00ednimos vitales y m\u00f3viles, no ten\u00edan m\u00e1s de tres inmuebles, carec\u00edan de veh\u00edculos cero kil\u00f3metros, eran veteranos de Malvinas o trabajadores dom\u00e9sticos\u201d<\/em><\/strong>, detall\u00f3 R\u00edos.<\/span><\/p>\n<p><span style=\"color: #000000;\">La implementaci\u00f3n de una nueva canasta b\u00e1sica energ\u00e9tica, junto con la falta de claridad sobre la aplicaci\u00f3n de subsidios, genera incertidumbre entre los usuarios.<strong><em> \u201cSe equiparar\u00e1n los N2 y N3 con los N1, provocando un aumento del 30 o 50% en las facturas. Sumado a esto, se espera un incremento tarifario del 300 al 700%\u201d<\/em><\/strong>, advirti\u00f3 R\u00edos.<\/span><\/p>\n<p><span style=\"color: #000000;\">El impacto no se limita a la capital mendocina; se extiende a todo el territorio provincial. Si bien Malarg\u00fce ya disfrutaba de descuentos por su inclusi\u00f3n en la regi\u00f3n patag\u00f3nica, el resto de Mendoza se sum\u00f3 a partir de 2021. <strong><em>\u201cEn Mendoza, el fr\u00edo es intenso en invierno, y la necesidad de gas es imperante. Los grandes pueden afrontar estos costos, pero los sectores vulnerables, como ni\u00f1os y ancianos, se ven afectados\u201d<\/em><\/strong>, subray\u00f3 R\u00edos.<\/span><\/p>\n<p><span style=\"color: #000000;\">La ley de zona fr\u00eda, lejos de ser un simple subsidio, opera a trav\u00e9s de un fondo fiduciario alimentado por los usuarios. <em><strong>\u201cNo es un aporte del Tesoro Nacional, sino de lo que pagamos en nuestra factura. La eliminaci\u00f3n de este beneficio sin la implementaci\u00f3n inmediata de nuevos subsidios deja a muchas familias en una situaci\u00f3n precaria\u201d<\/strong><\/em>, destac\u00f3 R\u00edos.<\/span><\/p>\n<p><span style=\"color: #000000;\">La exclusi\u00f3n de usuarios del sistema de gas plantea un dilema significativo. <em><strong>\u201cAlgunas familias deber\u00e1n dar de baja el servicio y, en casos extremos, judicializar la situaci\u00f3n. La falta de un plan claro y la precipitaci\u00f3n en la toma de decisiones pueden generar perjuicios mayores que los beneficios esperados\u201d<\/strong><\/em>, sostuvo.<\/span><\/p>\n<p><span style=\"color: #000000;\">La ausencia de audiencia p\u00fablica por esta modificaci\u00f3n legislativa genera preocupaci\u00f3n entre los legisladores y la sociedad civil.<em><strong> \u201cEs fundamental explicar el cronograma y el programa asociado a la quita de subsidios, as\u00ed como las consecuencias que tendr\u00e1 en la poblaci\u00f3n\u201d<\/strong><\/em>, insisti\u00f3 la titular de la ONG.<\/span><\/p>\n<p><span style=\"color: #000000;\">A pesar de encontrarnos en pleno verano, el impacto inminente de estas decisiones se har\u00e1 evidente en los meses m\u00e1s fr\u00edos. <em><strong>\u201cEl cambio de condiciones y la falta de medidas claras pueden derivar en un escenario dif\u00edcil para los hogares mendocinos, especialmente para aquellos que dependen del gas para calefacci\u00f3n y cocina\u201d.<\/strong><\/em><\/span><\/p>\n<p><span style=\"color: #000000;\">El an\u00e1lisis de la situaci\u00f3n econ\u00f3mica se torna a\u00fan m\u00e1s complejo al considerar a los jubilados. Romina R\u00edos detall\u00f3 que <em><strong>\u201chay quienes no perciben la jubilaci\u00f3n m\u00ednima y destinan un porcentaje significativo de sus ingresos al pago del gas. La exclusi\u00f3n de subsidios afecta directamente a este grupo vulnerable\u201d.<\/strong><\/em><\/span><\/p>\n<p><span style=\"color: #000000;\">Aunque se espera una recomposici\u00f3n mensual a partir de abril, la incertidumbre persiste. La falta de garant\u00edas sobre el acceso a subsidios y la implementaci\u00f3n de nuevas medidas generan inquietud en la sociedad mendocina y del pa\u00eds.<\/span><\/p>\n<p>&nbsp;<\/p>\n<p>DiarioSanRafael<\/p>\n","protected":false},"excerpt":{"rendered":"<p>La presidenta de la ONG Protectora, Romina R\u00edos, explic\u00f3 que la derogaci\u00f3n de tarifas especiales mediante la Ley \u00d3mnibus de Javier &#8230;<\/p>\n","protected":false},"author":7,"featured_media":131911,"comment_status":"open","ping_status":"open","sticky":false,"template":"","format":"standard","meta":{"footnotes":""},"categories":[1],"tags":[],"class_list":["post-131910","post","type-post","status-publish","format-standard","has-post-thumbnail","hentry","category-fmvinas"],"_links":{"self":[{"href":"https:\/\/vinasfm.com\/noticias\/wp-json\/wp\/v2\/posts\/131910","targetHints":{"allow":["GET"]}}],"collection":[{"href":"https:\/\/vinasfm.com\/noticias\/wp-json\/wp\/v2\/posts"}],"about":[{"href":"https:\/\/vinasfm.com\/noticias\/wp-json\/wp\/v2\/types\/post"}],"author":[{"embeddable":true,"href":"https:\/\/vinasfm.com\/noticias\/wp-json\/wp\/v2\/users\/7"}],"replies":[{"embeddable":true,"href":"https:\/\/vinasfm.com\/noticias\/wp-json\/wp\/v2\/comments?post=131910"}],"version-history":[{"count":2,"href":"https:\/\/vinasfm.com\/noticias\/wp-json\/wp\/v2\/posts\/131910\/revisions"}],"predecessor-version":[{"id":131916,"href":"https:\/\/vinasfm.com\/noticias\/wp-json\/wp\/v2\/posts\/131910\/revisions\/131916"}],"wp:featuredmedia":[{"embeddable":true,"href":"https:\/\/vinasfm.com\/noticias\/wp-json\/wp\/v2\/media\/131911"}],"wp:attachment":[{"href":"https:\/\/vinasfm.com\/noticias\/wp-json\/wp\/v2\/media?parent=131910"}],"wp:term":[{"taxonomy":"category","embeddable":true,"href":"https:\/\/vinasfm.com\/noticias\/wp-json\/wp\/v2\/categories?post=131910"},{"taxonomy":"post_tag","embeddable":true,"href":"https:\/\/vinasfm.com\/noticias\/wp-json\/wp\/v2\/tags?post=131910"}],"curies":[{"name":"wp","href":"https:\/\/api.w.org\/{rel}","templated":true}]}}