{"id":131890,"date":"2024-01-25T08:40:26","date_gmt":"2024-01-25T11:40:26","guid":{"rendered":"https:\/\/vinasfm.com\/noticias\/?p=131890"},"modified":"2024-01-26T08:39:01","modified_gmt":"2024-01-26T11:39:01","slug":"molero-anuncio-el-programa-alvear-pinta-bien","status":"publish","type":"post","link":"https:\/\/vinasfm.com\/noticias\/molero-anuncio-el-programa-alvear-pinta-bien\/","title":{"rendered":"MOLERO ANUNCI\u00d3 EL PROGRAMA \u201cALVEAR PINTA BIEN\u201d"},"content":{"rendered":"<p><span style=\"color: #000000;\"><strong>Se trata de una iniciativa donde los vecinos ser\u00e1n voluntarios para embellecer su barrio.<\/strong><\/span><\/p>\n<p><span style=\"color: #000000;\">El intendente Alejandro Molero anunci\u00f3 este mi\u00e9rcoles el programa<strong> \u201cAlvear pinta bien\u201d<\/strong>, una iniciativa que servir\u00e1 para embellecer los barrios. El anuncio se dio en el distrito de Alvear Oeste d\u00f3nde Molero escuch\u00f3 a los habitantes bajo la modalidad <strong>\u201cel Intendente te escucha\u201d.<\/strong><\/span><\/p>\n<p><span style=\"color: #000000;\">Molero ha estado visitando los distritos y ah\u00ed los ciudadanos han expresado las necesidades y diversas iniciativas para mejorar barrios, donde se incluye <strong>\u00abAlvear Pinta Bien\u00bb<\/strong> una actividad voluntaria para embellecer su entorno.<\/span><\/p>\n<p><span style=\"color: #000000;\"><strong>\u201cLo primero que notamos es que el vecino tiene mucha necesidad de hablar con el intendente, de decirle lo que est\u00e1 pasando en su h\u00e1bitat, lo que est\u00e1 pasando en su barrio, en su comunidad, pero tambi\u00e9n plantean cosas personales, dificultades y cuestiones que tienen que ver con lo laboral y salud\u201d<\/strong>, dijo Molero.<\/span><\/p>\n<p><span style=\"color: #000000;\">Seguido agreg\u00f3: <em><strong>\u201cnos pusimos a pensar r\u00e1pidamente porque hay muchos pedidos para mejorar su barrio y no solamente el servicio p\u00fablico o las obras de infraestructura, sino que el barrio est\u00e9 cada vez m\u00e1s lindo y que las plazas est\u00e9n un poco mejor\u201d<\/strong><\/em>, pronunci\u00f3 a modo de ejemplo.<\/span><\/p>\n<p><a href=\"https:\/\/vinasfm.com\/noticias\/wp-content\/uploads\/2024\/01\/alvearpintabien.jpeg\"><img loading=\"lazy\" decoding=\"async\" class=\"alignnone wp-image-131892\" src=\"https:\/\/vinasfm.com\/noticias\/wp-content\/uploads\/2024\/01\/alvearpintabien-867x1024.jpeg\" alt=\"\" width=\"500\" height=\"591\" srcset=\"https:\/\/vinasfm.com\/noticias\/wp-content\/uploads\/2024\/01\/alvearpintabien-867x1024.jpeg 867w, https:\/\/vinasfm.com\/noticias\/wp-content\/uploads\/2024\/01\/alvearpintabien-254x300.jpeg 254w, https:\/\/vinasfm.com\/noticias\/wp-content\/uploads\/2024\/01\/alvearpintabien-768x908.jpeg 768w, https:\/\/vinasfm.com\/noticias\/wp-content\/uploads\/2024\/01\/alvearpintabien-1300x1536.jpeg 1300w, https:\/\/vinasfm.com\/noticias\/wp-content\/uploads\/2024\/01\/alvearpintabien.jpeg 1354w\" sizes=\"auto, (max-width: 500px) 100vw, 500px\" \/><\/a><\/p>\n<p><span style=\"color: #000000;\">Por eso le han puesto un nombre a la iniciativa y esperan que los vecinos la adopten como propia,<strong><em> \u201cse llama Alvear Pinta Bien y es ni m\u00e1s ni menos que hacer actividad en los distintos barrios, juntar a sus habitantes que en forma voluntaria colaboren con pintar las plazas, pintar los cordones de las calles y dejar cada d\u00eda m\u00e1s lindo el barrio\u201d<\/em><\/strong>, expres\u00f3 Molero.<\/span><\/p>\n<p><span style=\"color: #000000;\">Tambi\u00e9n habr\u00e1 trabajos de concientizaci\u00f3n con respecto al medio ambiente <em><strong>\u201cpara que respeten los d\u00edas y los horarios de recolecci\u00f3n de residuos, para que no arrojen a las acequias, botellas, pl\u00e1stico\u2026 que sepan que hay un municipio presente, un municipio que est\u00e1 cerca de la gente y que quiere abordar r\u00e1pidamente cada una de las problem\u00e1ticas que all\u00ed se plantean\u201d<\/strong><\/em>, culmin\u00f3.<\/span><\/p>\n","protected":false},"excerpt":{"rendered":"<p>Se trata de una iniciativa donde los vecinos ser\u00e1n voluntarios para embellecer su barrio. El intendente Alejandro Molero anunci\u00f3 este mi\u00e9rcoles &#8230;<\/p>\n","protected":false},"author":7,"featured_media":131891,"comment_status":"open","ping_status":"open","sticky":false,"template":"","format":"standard","meta":{"footnotes":""},"categories":[5,78],"tags":[],"class_list":["post-131890","post","type-post","status-publish","format-standard","has-post-thumbnail","hentry","category-actualidad","category-municipalidad"],"_links":{"self":[{"href":"https:\/\/vinasfm.com\/noticias\/wp-json\/wp\/v2\/posts\/131890","targetHints":{"allow":["GET"]}}],"collection":[{"href":"https:\/\/vinasfm.com\/noticias\/wp-json\/wp\/v2\/posts"}],"about":[{"href":"https:\/\/vinasfm.com\/noticias\/wp-json\/wp\/v2\/types\/post"}],"author":[{"embeddable":true,"href":"https:\/\/vinasfm.com\/noticias\/wp-json\/wp\/v2\/users\/7"}],"replies":[{"embeddable":true,"href":"https:\/\/vinasfm.com\/noticias\/wp-json\/wp\/v2\/comments?post=131890"}],"version-history":[{"count":1,"href":"https:\/\/vinasfm.com\/noticias\/wp-json\/wp\/v2\/posts\/131890\/revisions"}],"predecessor-version":[{"id":131893,"href":"https:\/\/vinasfm.com\/noticias\/wp-json\/wp\/v2\/posts\/131890\/revisions\/131893"}],"wp:featuredmedia":[{"embeddable":true,"href":"https:\/\/vinasfm.com\/noticias\/wp-json\/wp\/v2\/media\/131891"}],"wp:attachment":[{"href":"https:\/\/vinasfm.com\/noticias\/wp-json\/wp\/v2\/media?parent=131890"}],"wp:term":[{"taxonomy":"category","embeddable":true,"href":"https:\/\/vinasfm.com\/noticias\/wp-json\/wp\/v2\/categories?post=131890"},{"taxonomy":"post_tag","embeddable":true,"href":"https:\/\/vinasfm.com\/noticias\/wp-json\/wp\/v2\/tags?post=131890"}],"curies":[{"name":"wp","href":"https:\/\/api.w.org\/{rel}","templated":true}]}}