{"id":131887,"date":"2024-01-25T07:51:27","date_gmt":"2024-01-25T10:51:27","guid":{"rendered":"https:\/\/vinasfm.com\/noticias\/?p=131887"},"modified":"2024-01-25T07:51:27","modified_gmt":"2024-01-25T10:51:27","slug":"fuerte-presencia-de-mendoza-en-la-feria-internacional-de-turismo","status":"publish","type":"post","link":"https:\/\/vinasfm.com\/noticias\/fuerte-presencia-de-mendoza-en-la-feria-internacional-de-turismo\/","title":{"rendered":"FUERTE PRESENCIA DE MENDOZA EN LA FERIA INTERNACIONAL DE TURISMO"},"content":{"rendered":"<p><strong>El Gobernador Alfredo Cornejo, junto a la presidenta del Emetur, se encuentra en Espa\u00f1a para participar en la FITUR, la feria de turismo m\u00e1s importante del mundo. En este marco, los funcionarios provinciales participan en actividades fundamentales para la provincia.<\/strong><\/p>\n<p>Durante la ma\u00f1ana de este mi\u00e9rcoles, Alfredo Cornejo y Gabriela Testa participaron en la inauguraci\u00f3n oficial de la Feria Internacional de Turismo (FITUR), en IFEMA Madrid. Adem\u00e1s, se desarrollaron encuentros con empresarios y representantes del sector p\u00fablico argentino y la inauguraci\u00f3n del stand de nuestro pa\u00eds.<\/p>\n<p>M\u00e1s tarde, el mandatario provincial se reuni\u00f3 con Rafael Anson, presidente de la Academia Iberoamericana de Gastronom\u00eda, para hablar de la<em><strong> \u201cCapital Mundial de la Armon\u00eda Gastron\u00f3mica\u201d,<\/strong><\/em> t\u00edtulo que ostenta nuestra provincia. El encuentro, en el que tambi\u00e9n particip\u00f3 Testa, se realiz\u00f3 en el stand de Argentina de la FITUR.<\/p>\n<p>Al respecto, Cornejo destac\u00f3 que <strong><em>\u201cMendoza ha crecido en visitantes en la \u00faltima d\u00e9cada, hay varios atractivos, pero el del vino es el que m\u00e1s nos identifica. Est\u00e1 creciendo la gastronom\u00eda y la oferta de bellezas naturales. Estamos postulando para un congreso internacional, en el 2025-2026 (el Foro Mundial de Turismo Gastron\u00f3mico) y ahora estamos prorrogando la capitan\u00eda gastron\u00f3mica de Mendoza, para el a\u00f1o siguiente y la idea es desarrollar actividades que tengan a la gastronom\u00eda en combinaci\u00f3n con el vino, que es un maridaje ideal\u201d.<\/em><\/strong><\/p>\n<p>Respecto de la importancia de estas actividades, el Gobernador remarc\u00f3 que <em><strong>\u201cel turismo apalanca a otras actividades econ\u00f3micas, como la producci\u00f3n de alimentos, la agricultura, tanto la gastronom\u00eda como el vino. La marca Mendoza atrae a otras personas que no necesariamente tienen que ver con el turismo, sino que pueden ser inversores de otras categor\u00edas\u201d.<\/strong><\/em><\/p>\n<p>En la misi\u00f3n oficial a Espa\u00f1a, Mendoza est\u00e1 trabajando con la Embajada en varios temas, que van desde el aceite de oliva hasta la hoteler\u00eda y la agroindustria.<\/p>\n<h2>Crecimiento del turismo<\/h2>\n<p>El Gobernador enfatiz\u00f3 en que Mendoza recibe 3 millones de visitantes y se aspira a alcanzar 4 millones en los pr\u00f3ximos 4 a\u00f1os. <strong><em>\u201cPara eso se deben dar unos supuestos macroecon\u00f3micos que son muy relevantes. Primero debe aumentar la conectividad, con mayores vuelos, ampliar la capacidad hotelera, y eso es un supuesto de que tiene que crecer el pa\u00eds\u201d<\/em><\/strong>, destac\u00f3 Cornejo.<\/p>\n<p><strong><em>\u201cUna pol\u00edtica de cielos abiertos en materia aeron\u00e1utica nos beneficiar\u00eda en funci\u00f3n de la capacidad instalada que ya tenemos. Somos el segundo receptor de pasajeros extranjeros. Una mayor conectividad con San Pablo, Lima, R\u00edo de Janeiro, Panam\u00e1, EEUU y alg\u00fan vuelo directo con Europa generar\u00eda un tr\u00e1fico mucho mayor y nos beneficiaria mucho\u201d<\/em><\/strong>, agreg\u00f3 el mandatario.<\/p>\n<p>Respecto del trabajo que se viene realizando en materia de conectividad, el Gobernador dijo: <strong><em>\u201cHemos mejorado la terminal de \u00f3mnibus y hemos mejorado el aeropuerto de Mendoza, lo que nos ha permitido que m\u00e1s gente llegue en estos tiempos. Ahora aspiramos a que la pol\u00edtica de cielos abiertos produzca m\u00e1s conexi\u00f3n con hubs importantes de Estados Unidos, de Europa y con Panam\u00e1\u201d.<\/em><\/strong><\/p>\n<p><em><strong>\u201cLo que queremos lograr es un vuelo directo de Europa a Mendoza. Tenemos un anteproyecto con Air Europa, con quienes nos reunimos esta tarde, y con Iberia acabamos de reunirnos\u201d<\/strong><\/em>, finaliz\u00f3 Alfredo Cornejo.<\/p>\n","protected":false},"excerpt":{"rendered":"<p>El Gobernador Alfredo Cornejo, junto a la presidenta del Emetur, se encuentra en Espa\u00f1a para participar en la FITUR, la feria &#8230;<\/p>\n","protected":false},"author":7,"featured_media":131888,"comment_status":"open","ping_status":"open","sticky":false,"template":"","format":"standard","meta":{"footnotes":""},"categories":[1],"tags":[],"class_list":["post-131887","post","type-post","status-publish","format-standard","has-post-thumbnail","hentry","category-fmvinas"],"_links":{"self":[{"href":"https:\/\/vinasfm.com\/noticias\/wp-json\/wp\/v2\/posts\/131887","targetHints":{"allow":["GET"]}}],"collection":[{"href":"https:\/\/vinasfm.com\/noticias\/wp-json\/wp\/v2\/posts"}],"about":[{"href":"https:\/\/vinasfm.com\/noticias\/wp-json\/wp\/v2\/types\/post"}],"author":[{"embeddable":true,"href":"https:\/\/vinasfm.com\/noticias\/wp-json\/wp\/v2\/users\/7"}],"replies":[{"embeddable":true,"href":"https:\/\/vinasfm.com\/noticias\/wp-json\/wp\/v2\/comments?post=131887"}],"version-history":[{"count":1,"href":"https:\/\/vinasfm.com\/noticias\/wp-json\/wp\/v2\/posts\/131887\/revisions"}],"predecessor-version":[{"id":131889,"href":"https:\/\/vinasfm.com\/noticias\/wp-json\/wp\/v2\/posts\/131887\/revisions\/131889"}],"wp:featuredmedia":[{"embeddable":true,"href":"https:\/\/vinasfm.com\/noticias\/wp-json\/wp\/v2\/media\/131888"}],"wp:attachment":[{"href":"https:\/\/vinasfm.com\/noticias\/wp-json\/wp\/v2\/media?parent=131887"}],"wp:term":[{"taxonomy":"category","embeddable":true,"href":"https:\/\/vinasfm.com\/noticias\/wp-json\/wp\/v2\/categories?post=131887"},{"taxonomy":"post_tag","embeddable":true,"href":"https:\/\/vinasfm.com\/noticias\/wp-json\/wp\/v2\/tags?post=131887"}],"curies":[{"name":"wp","href":"https:\/\/api.w.org\/{rel}","templated":true}]}}