{"id":131884,"date":"2024-01-25T07:47:20","date_gmt":"2024-01-25T10:47:20","guid":{"rendered":"https:\/\/vinasfm.com\/noticias\/?p=131884"},"modified":"2024-01-26T08:39:24","modified_gmt":"2024-01-26T11:39:24","slug":"aconcagua-cierre-preventivo-del-valle-de-vacas","status":"publish","type":"post","link":"https:\/\/vinasfm.com\/noticias\/aconcagua-cierre-preventivo-del-valle-de-vacas\/","title":{"rendered":"ACONCAGUA: CIERRE PREVENTIVO DEL VALLE DE VACAS"},"content":{"rendered":"<p><strong>Se realiza para prevenir un potencial riesgo de procesos de remoci\u00f3n que podr\u00edan desencadenarse a ra\u00edz del enlagunamiento observado y documentado en el r\u00edo Relinchos, aguas abajo de Plaza Argentina y aguas arriba de Casa de Piedra.<\/strong><\/p>\n<p>La Subsecretar\u00eda de Ambiente informa que se procede al cierre preventivo de la ruta de aproximaci\u00f3n del Valle de Vacas, con especial \u00e9nfasis en el tramo de la Quebrada del Relincho, entre los campamentos Casa de Piedra y Plaza Argentina. La ruta de ascenso por Horcones, la m\u00e1s transitada del \u00e1rea natural, contin\u00faa funcionando con normalidad.<\/p>\n<p><em><strong>\u201cLa decisi\u00f3n de restringir de forma total el tr\u00e1nsito de personas y de mulares por la Quebrada del Relincho obedece al potencial riesgo de aludes y procesos de remoci\u00f3n en masa que podr\u00edan desencadenarse a ra\u00edz del enlagunamiento observado y documentado en el r\u00edo Relinchos aguas abajo de Plaza Argentina y aguas arriba de Casa de Piedra\u201d<\/strong><\/em>, destac\u00f3 el subsecretario de Ambiente, Sebasti\u00e1n Melchor.<\/p>\n<p>La formaci\u00f3n de lagunas que podr\u00edan dar lugar a crecidas violentas, junto al pron\u00f3stico de d\u00edas de calor extremo, llevaron a consultar al organismo cient\u00edfico Instituto Argentino de Nivolog\u00eda y Glaciolog\u00eda (Ianigla).<\/p>\n<p><em><strong>\u201cLa observaci\u00f3n en el terreno y el an\u00e1lisis de im\u00e1genes satelitales dio como resultado la decisi\u00f3n de suspender el tr\u00e1nsito en la quebrada hasta tener el resultado de la evaluaci\u00f3n llevada a cabo por los especialistas\u201d<\/strong><\/em>, detall\u00f3 Melchor.<\/p>\n<p>Una comisi\u00f3n del Ianigla subir\u00e1 al Parque Provincial con el objeto de realizar mediciones y posiblemente tener un dictamen durante el pr\u00f3ximo fin de semana.<\/p>\n<p>Por su parte, el equipo t\u00e9cnico de Ianigla explic\u00f3 que, <em><strong>\u201canalizando las im\u00e1genes satelitales disponibles, se observa que las lagunitas comenzaron a aparecer a principio de mes y dan un salto importante de tama\u00f1o a partir del 20. Se puede observar que han tenido un crecimiento muy fuerte y contin\u00faan en una fase de expansi\u00f3n muy r\u00e1pida. Hay un pron\u00f3stico de mucho calor para los pr\u00f3ximos d\u00edas, por lo que es probable que siga aumentando el volumen de agua, tanto en los lagos como en los r\u00edos\u201d.<\/strong><\/em><\/p>\n<p>Hasta que no concluya el trabajo, permanecer\u00e1 cerrada la Quebrada de Vacas para el tr\u00e1nsito por razones preventivas y el resguardo de la integridad f\u00edsica de personas y mulares.<\/p>\n<p><em><strong>\u201cInstamos a las empresas que instruyan a sus gu\u00edas, grupos y clientes acerca de este cierre, y que instrumenten las medidas para impedir toda actividad de ascenso y descenso por esta v\u00eda, hasta tanto esta autoridad de aplicaci\u00f3n se expida en raz\u00f3n del resultado de los estudios\u201d<\/strong><\/em>, concluy\u00f3 Melchor.<\/p>\n<p>Cabe destacar que la ruta de ascenso por Horcones no se encuentra afectada y est\u00e1 habilitada en su totalidad, por lo que los recorridos, trekking y ascenso a la cumbre se desarrollan con normalidad.<\/p>\n<h2>Informe de la Subsecretar\u00eda de Ambiente<\/h2>\n<p>De acuerdo con las observaciones e im\u00e1genes y videos que remiten los guardaparques de Plaza Argentina y Pampa de Le\u00f1as, se estar\u00eda generando una potencial situaci\u00f3n de riesgo.<\/p>\n<p>En Plaza Argentina se han formado lagunas de agua de deshielo, sobre las morenas de tierra suelta. El agua estar\u00eda saturando el terreno y se acumula en las depresiones. De acuerdo con las observaciones de los guardaparques, las depresiones crecen diariamente, habiendo alcanzado una superficie superior a 300 metros cuadrados. Si bien se encuentran bajo la cota del campamento, por lo que no implica riesgo para este, un posible alud de barro pondr\u00eda en serio riesgo a las andinistas y arrieros que estuvieran circulando por este estrecho pasaje.<\/p>\n<p>Ante el riesgo de un alud en la Quebrada del Relincho, se inform\u00f3 a la Jefatura de Departamento, de Cuerpo de GP y a la Subsecretar\u00eda y se suspendi\u00f3 preventivamente el tr\u00e1nsito por la Quebrada del Relincho hasta tanto se eval\u00fae el riesgo de remoci\u00f3n en masa. Se inform\u00f3 a las empresas y a los andinistas y campamenteros que se encuentran en Casa de Piedra y Pampa de Le\u00f1as y estos suspendieron el ascenso de las expediciones.<\/p>\n","protected":false},"excerpt":{"rendered":"<p>Se realiza para prevenir un potencial riesgo de procesos de remoci\u00f3n que podr\u00edan desencadenarse a ra\u00edz del enlagunamiento observado y documentado &#8230;<\/p>\n","protected":false},"author":7,"featured_media":131885,"comment_status":"open","ping_status":"open","sticky":false,"template":"","format":"standard","meta":{"footnotes":""},"categories":[5,10],"tags":[],"class_list":["post-131884","post","type-post","status-publish","format-standard","has-post-thumbnail","hentry","category-actualidad","category-destacadas"],"_links":{"self":[{"href":"https:\/\/vinasfm.com\/noticias\/wp-json\/wp\/v2\/posts\/131884","targetHints":{"allow":["GET"]}}],"collection":[{"href":"https:\/\/vinasfm.com\/noticias\/wp-json\/wp\/v2\/posts"}],"about":[{"href":"https:\/\/vinasfm.com\/noticias\/wp-json\/wp\/v2\/types\/post"}],"author":[{"embeddable":true,"href":"https:\/\/vinasfm.com\/noticias\/wp-json\/wp\/v2\/users\/7"}],"replies":[{"embeddable":true,"href":"https:\/\/vinasfm.com\/noticias\/wp-json\/wp\/v2\/comments?post=131884"}],"version-history":[{"count":2,"href":"https:\/\/vinasfm.com\/noticias\/wp-json\/wp\/v2\/posts\/131884\/revisions"}],"predecessor-version":[{"id":131934,"href":"https:\/\/vinasfm.com\/noticias\/wp-json\/wp\/v2\/posts\/131884\/revisions\/131934"}],"wp:featuredmedia":[{"embeddable":true,"href":"https:\/\/vinasfm.com\/noticias\/wp-json\/wp\/v2\/media\/131885"}],"wp:attachment":[{"href":"https:\/\/vinasfm.com\/noticias\/wp-json\/wp\/v2\/media?parent=131884"}],"wp:term":[{"taxonomy":"category","embeddable":true,"href":"https:\/\/vinasfm.com\/noticias\/wp-json\/wp\/v2\/categories?post=131884"},{"taxonomy":"post_tag","embeddable":true,"href":"https:\/\/vinasfm.com\/noticias\/wp-json\/wp\/v2\/tags?post=131884"}],"curies":[{"name":"wp","href":"https:\/\/api.w.org\/{rel}","templated":true}]}}