{"id":131881,"date":"2024-01-24T20:06:05","date_gmt":"2024-01-24T23:06:05","guid":{"rendered":"https:\/\/vinasfm.com\/noticias\/?p=131881"},"modified":"2024-01-25T10:29:21","modified_gmt":"2024-01-25T13:29:21","slug":"cornejo-anuncio-el-fin-de-las-retenciones-al-vino","status":"publish","type":"post","link":"https:\/\/vinasfm.com\/noticias\/cornejo-anuncio-el-fin-de-las-retenciones-al-vino\/","title":{"rendered":"CORNEJO ANUNCI\u00d3 EL FIN DE LAS RETENCIONES AL VINO"},"content":{"rendered":"<p><strong>El Gobernador de Mendoza remarc\u00f3 el mensaje positivo para todo el sector, con impacto directo en la econom\u00eda de la provincia.<\/strong><\/p>\n<p>En el marco de las actividades de la FITUR de Espa\u00f1a, el encuentro m\u00e1s importante del sector tur\u00edstico a nivel global, el Gobernador Alfredo Cornejo anunci\u00f3 los avances alcanzados frente al Gobierno nacional respecto de las retenciones al vino.<\/p>\n<p><strong><em>\u201cEn principio, hemos acordado el fin de las retenciones al vino. De este modo ha quedado en cero, lo que representa un mensaje positivo para todo el sector, fundamentalmente para los productores chicos\u201d,<\/em><\/strong> indic\u00f3 el Gobernador de Mendoza.<\/p>\n<p>Sobre el tratamiento del la Ley \u00d3mnibus, Cornejo destac\u00f3 como positivo que el sistema pol\u00edtico argentino avance sobre las iniciativas de desregulaci\u00f3n y d\u00e9ficit cero. <em><strong>\u201cCreo que esto es importante para la econom\u00eda, no solo para el Gobierno. Es parte de la oposici\u00f3n responsable que queremos representar muchos de los dirigentes y gobernadores radicales, y del Pro. Hay cosas que eran negativas. Las estamos sacando del despacho, como fue las retenciones al vino, y tambi\u00e9n hemos cambiado la redacci\u00f3n, junto con la OFEPHI, de todos los temas petroleros que invad\u00edan la jurisdicci\u00f3n y la competencia provincial que se ten\u00eda sobre el petr\u00f3leo. Estos aspectos fueron concedidos por el Gobierno nacional, con lo cual estamos satisfechos\u201d.<\/strong><\/em><\/p>\n<p>Tambi\u00e9n analiz\u00f3 algunos aspectos \u201cdiscutibles\u201d del DNU propuesto desde Naci\u00f3n. <em><strong>\u201cEl Gobierno nacional deber\u00eda incluir todo el cap\u00edtulo laboral en el marco de la Ley \u00d3mnibus, ya que buena parte de la oposici\u00f3n de Juntos por el Cambio estar\u00edamos dispuestos a votar, y salir de la rispidez judicial en la que ha recurrido la CGT y dem\u00e1s\u201d<\/strong><\/em>, indic\u00f3 el mandatario.<\/p>\n<p>Mientras tanto, sobre el paro a nivel nacional, Cornejo remarc\u00f3 el accionar negativo de algunos sectores gremiales. <em><strong>\u201cHabla muy mal de la CGT, de su representatividad. Atrasa con este paro, sin duda alguna, y su posici\u00f3n es extremadamente partidaria. La central obrera se identific\u00f3 plenamente con el gobierno de Alberto y de Cristina. Durante ese per\u00edodo perdieron afiliados. El trabajador registrado perdi\u00f3 ingresos y el no registrado perdi\u00f3 mucho m\u00e1s. Y de igual manera acompa\u00f1aron a ese gobierno\u201d<\/strong><\/em>, se\u00f1al\u00f3 el Gobernador de Mendoza. Y agreg\u00f3: <em><strong>\u201cLa gesti\u00f3n actual del Gobierno nacional quiere cambiar el modelo econ\u00f3mico, y la CGT deber\u00eda acompa\u00f1ar, como estamos haciendo varios dirigentes de la oposici\u00f3n, para ver cu\u00e1les son sus instrumentos a desarrollar\u201d.<\/strong><\/em><\/p>\n","protected":false},"excerpt":{"rendered":"<p>El Gobernador de Mendoza remarc\u00f3 el mensaje positivo para todo el sector, con impacto directo en la econom\u00eda de la provincia. &#8230;<\/p>\n","protected":false},"author":7,"featured_media":131882,"comment_status":"open","ping_status":"open","sticky":false,"template":"","format":"standard","meta":{"footnotes":""},"categories":[5,16],"tags":[],"class_list":["post-131881","post","type-post","status-publish","format-standard","has-post-thumbnail","hentry","category-actualidad","category-economia"],"_links":{"self":[{"href":"https:\/\/vinasfm.com\/noticias\/wp-json\/wp\/v2\/posts\/131881","targetHints":{"allow":["GET"]}}],"collection":[{"href":"https:\/\/vinasfm.com\/noticias\/wp-json\/wp\/v2\/posts"}],"about":[{"href":"https:\/\/vinasfm.com\/noticias\/wp-json\/wp\/v2\/types\/post"}],"author":[{"embeddable":true,"href":"https:\/\/vinasfm.com\/noticias\/wp-json\/wp\/v2\/users\/7"}],"replies":[{"embeddable":true,"href":"https:\/\/vinasfm.com\/noticias\/wp-json\/wp\/v2\/comments?post=131881"}],"version-history":[{"count":1,"href":"https:\/\/vinasfm.com\/noticias\/wp-json\/wp\/v2\/posts\/131881\/revisions"}],"predecessor-version":[{"id":131883,"href":"https:\/\/vinasfm.com\/noticias\/wp-json\/wp\/v2\/posts\/131881\/revisions\/131883"}],"wp:featuredmedia":[{"embeddable":true,"href":"https:\/\/vinasfm.com\/noticias\/wp-json\/wp\/v2\/media\/131882"}],"wp:attachment":[{"href":"https:\/\/vinasfm.com\/noticias\/wp-json\/wp\/v2\/media?parent=131881"}],"wp:term":[{"taxonomy":"category","embeddable":true,"href":"https:\/\/vinasfm.com\/noticias\/wp-json\/wp\/v2\/categories?post=131881"},{"taxonomy":"post_tag","embeddable":true,"href":"https:\/\/vinasfm.com\/noticias\/wp-json\/wp\/v2\/tags?post=131881"}],"curies":[{"name":"wp","href":"https:\/\/api.w.org\/{rel}","templated":true}]}}