{"id":131876,"date":"2024-01-24T11:51:41","date_gmt":"2024-01-24T14:51:41","guid":{"rendered":"https:\/\/vinasfm.com\/noticias\/?p=131876"},"modified":"2024-01-25T08:58:54","modified_gmt":"2024-01-25T11:58:54","slug":"cuando-y-como-seran-las-fiestas-de-la-vendimia-departamento-por-departamento","status":"publish","type":"post","link":"https:\/\/vinasfm.com\/noticias\/cuando-y-como-seran-las-fiestas-de-la-vendimia-departamento-por-departamento\/","title":{"rendered":"CU\u00c1NDO Y C\u00d3MO SER\u00c1N LAS FIESTAS DE LA VENDIMIA, DEPARTAMENTO POR DEPARTAMENTO"},"content":{"rendered":"<p><strong>Hasta el momento se han realizado tres fiestas departamentales. El calendario vendimial estar\u00e1 cargado las pr\u00f3ximas semanas. C\u00f3mo sigue departamento por departamento y el cronograma de Fiesta Nacional<\/strong><\/p>\n<p>Tras la confirmaci\u00f3n de varias suspensiones de festivales mendocinos tradicionales como el del Chivo en Malarg\u00fce, el del Mel\u00f3n y la Sand\u00eda y El Cosechador en Lavalle,\u00a0la buena noticia es que las fiestas vendimiales de cada uno de los departamentos siguen en pie. Hasta el momento solo se han llevado a cabo tres fiestas departamentales con su consecuente elecci\u00f3n de reina. Como sigue el cronograma vendimial, departamento por departamento y las fechas de la\u00a0<strong>Fiesta Nacional de la Vendimia<\/strong>\u00a02024.<\/p>\n<p><strong><span style=\"color: #0000ff;\">Godoy Cruz<\/span><\/strong> fue el departamento que inaugur\u00f3 el\u00a0<strong>calendario<\/strong><strong>\u00a0<\/strong>vendimial bien temprano, en noviembre pasado y eligi\u00f3 a <span style=\"color: #0000ff;\"><strong>Karen Rubino<\/strong><\/span> como candidata al cetro nacional. <span style=\"color: #0000ff;\"><strong>La Paz<\/strong><\/span> tuvo su fiesta el jueves 11 de enero en la que coron\u00f3 a <span style=\"color: #0000ff;\"><strong>Virginia Beneite<\/strong><\/span> y <span style=\"color: #0000ff;\"><strong>Jun\u00edn<\/strong><\/span> celebr\u00f3 su\u00a0<strong>vendimia\u00a0<\/strong>el pasado s\u00e1bado 20 de enero en el Parque Recreativo Due\u00f1o del Sol donde la m\u00e1s votada fue <span style=\"color: #0000ff;\"><strong>Liz Villegas.\u00a0<\/strong><\/span><\/p>\n<p>El pr\u00f3ximo s\u00e1bado 27 habr\u00e1 celebraci\u00f3n doble: por un lado la de <strong><span style=\"color: #008080;\">San Carlos<\/span><\/strong> con su esperada fiesta \u201cMurmullos de la Nueva\u00a0<strong>Vendimia<\/strong>\u201d en el teatro Ney\u00fa Map\u00fa y, por otro, la \u201c<strong>Vendimia\u00a0<\/strong>de la Rueda M\u00e1gica\u201d en el espacio verde del Polideportivo de <span style=\"color: #008080;\"><strong>Lavalle.\u00a0<\/strong><\/span><\/p>\n<p>El primer fin de semana de febrero tendr\u00e1 una apretada agenda con varias celebraciones. <span style=\"color: #ff0000;\"><strong>El primero<\/strong> <\/span>de febrero ser\u00e1 el turno de <strong><span style=\"color: #ff0000;\">Tunuy\u00e1n<\/span><\/strong> que con \u00abSonidos del Universo\u00bb posibilitar\u00e1 una experiencia art\u00edstica \u00fanica en el anfiteatro municipal \u201cNicol\u00e1s Battaglia\u201d. Luego, le seguir\u00e1 <strong><span style=\"color: #ff0000;\">Rivadavia<\/span><\/strong> el <span style=\"color: #ff0000;\"><strong>viernes 2,<\/strong><\/span> co su fiesta denominada \u201cMujer de Vendimias\u201d y la misma noche har\u00e1 lo propio Guaymall\u00e9n tras finalizar el proceso de ex\u00e1menes para sus candidatas vendimiales.<\/p>\n<p>El <strong><span style=\"color: #008000;\">3 de febrero<\/span> <\/strong>realizar\u00e1 su festejo el departamento de <span style=\"color: #008000;\"><strong>Las Heras<\/strong> <\/span>bajo el nombre \u201c<strong>Vendimia\u00a0<\/strong>en tu hogar\u201d. Tambi\u00e9n, <strong><span style=\"color: #008000;\">General Alvear<\/span><\/strong> celebrar\u00e1 el mismo d\u00eda su fiesta denominada\u00a0\u00ab<strong>Vendimia\u00a0<\/strong>Tierra de Oportunidades\u00bb en el Predio Ferial. Luego, estar\u00e1 el festejo del departamento de <span style=\"color: #008000;\">San Mart\u00edn<\/span> el jueves 8 de febrero.<\/p>\n<p>El siguiente fin de semana continuar\u00e1 el\u00a0<strong>calendario\u00a0<\/strong>vendimial por la zona del Valle de Uco y Sur. \u00a0<strong><span style=\"color: #3366ff;\">El s\u00e1bado 10<\/span><\/strong> habr\u00e1 triple festejo en las localidades de <span style=\"color: #3366ff;\"><strong>Tupungato, San Rafael y Malarg\u00fce.<\/strong><\/span><\/p>\n<p>Los que cerrar\u00e1n la agenda de celebraciones departamentales ser\u00e1n <strong><span style=\"color: #ff00ff;\">Santa Rosa<\/span><\/strong> el d\u00eda <strong><span style=\"color: #ff00ff;\">jueves 15<\/span><\/strong> de febrero con la fiesta denominada \u201cUn viaje con racimos de esperanza\u201d. El festejo de la <strong><span style=\"color: #ff00ff;\">Ciudad de Mendoza<\/span><\/strong> ser\u00e1 el <span style=\"color: #ff00ff;\"><strong>viernes 16<\/strong><\/span> de febrero y le continuar\u00e1 la celebraci\u00f3n de <strong><span style=\"color: #ff00ff;\">Luj\u00e1n de Cuyo<\/span><\/strong> para el <span style=\"color: #ff00ff;\"><strong>s\u00e1bado 17<\/strong><\/span>. Por \u00faltimo, el departamento de <span style=\"color: #ff00ff;\"><strong>Maip\u00fa<\/strong><\/span> cerrar\u00e1 el\u00a0<strong>calendario\u00a0<\/strong>con su ceremonia el <span style=\"color: #ff00ff;\"><strong>23 de febrero.<\/strong><\/span><\/p>\n","protected":false},"excerpt":{"rendered":"<p>Hasta el momento se han realizado tres fiestas departamentales. El calendario vendimial estar\u00e1 cargado las pr\u00f3ximas semanas. C\u00f3mo sigue departamento por &#8230;<\/p>\n","protected":false},"author":7,"featured_media":129753,"comment_status":"open","ping_status":"open","sticky":false,"template":"","format":"standard","meta":{"footnotes":""},"categories":[5,25],"tags":[],"class_list":["post-131876","post","type-post","status-publish","format-standard","has-post-thumbnail","hentry","category-actualidad","category-vendimia"],"_links":{"self":[{"href":"https:\/\/vinasfm.com\/noticias\/wp-json\/wp\/v2\/posts\/131876","targetHints":{"allow":["GET"]}}],"collection":[{"href":"https:\/\/vinasfm.com\/noticias\/wp-json\/wp\/v2\/posts"}],"about":[{"href":"https:\/\/vinasfm.com\/noticias\/wp-json\/wp\/v2\/types\/post"}],"author":[{"embeddable":true,"href":"https:\/\/vinasfm.com\/noticias\/wp-json\/wp\/v2\/users\/7"}],"replies":[{"embeddable":true,"href":"https:\/\/vinasfm.com\/noticias\/wp-json\/wp\/v2\/comments?post=131876"}],"version-history":[{"count":1,"href":"https:\/\/vinasfm.com\/noticias\/wp-json\/wp\/v2\/posts\/131876\/revisions"}],"predecessor-version":[{"id":131877,"href":"https:\/\/vinasfm.com\/noticias\/wp-json\/wp\/v2\/posts\/131876\/revisions\/131877"}],"wp:featuredmedia":[{"embeddable":true,"href":"https:\/\/vinasfm.com\/noticias\/wp-json\/wp\/v2\/media\/129753"}],"wp:attachment":[{"href":"https:\/\/vinasfm.com\/noticias\/wp-json\/wp\/v2\/media?parent=131876"}],"wp:term":[{"taxonomy":"category","embeddable":true,"href":"https:\/\/vinasfm.com\/noticias\/wp-json\/wp\/v2\/categories?post=131876"},{"taxonomy":"post_tag","embeddable":true,"href":"https:\/\/vinasfm.com\/noticias\/wp-json\/wp\/v2\/tags?post=131876"}],"curies":[{"name":"wp","href":"https:\/\/api.w.org\/{rel}","templated":true}]}}