{"id":131834,"date":"2024-01-23T12:12:09","date_gmt":"2024-01-23T15:12:09","guid":{"rendered":"https:\/\/vinasfm.com\/noticias\/?p=131834"},"modified":"2024-01-24T09:52:05","modified_gmt":"2024-01-24T12:52:05","slug":"visita-oficial-a-espana-cornejo-mantiene-reuniones-estrategicas-para-el-desarrollo-de-la-provincia","status":"publish","type":"post","link":"https:\/\/vinasfm.com\/noticias\/visita-oficial-a-espana-cornejo-mantiene-reuniones-estrategicas-para-el-desarrollo-de-la-provincia\/","title":{"rendered":"VISITA OFICIAL A ESPA\u00d1A: CORNEJO MANTIENE REUNIONES ESTRAT\u00c9GICAS PARA EL DESARROLLO DE LA PROVINCIA"},"content":{"rendered":"<p><strong><span style=\"color: #000000;\">El Gobernador de Mendoza est\u00e1 en Madrid, acompa\u00f1ado por la presidenta del Emetur, Gabriela Testa. El viaje tiene como objetivo la promoci\u00f3n de Mendoza como destino tur\u00edstico con una agenda de actividades tanto en la Feria Internacional de Turismo como en otros \u00e1mbitos de la capital europea. El mandatario se reunir\u00e1 con referentes de diversos sectores productivos.<\/span><\/strong><\/p>\n<p><span style=\"color: #000000;\">Durante la ma\u00f1ana de este martes, el Gobernador Alfredo Cornejo mantiene un encuentro con el encargado de Negocios de la Embajada Argentina en Espa\u00f1a, Roberto Bosch. Estar\u00e1 acompa\u00f1ado por la titular del Ente de Turismo, Gabriela Testa. El encuentro ser\u00e1 en la sede diplom\u00e1tica en Madrid.<\/span><\/p>\n<p><span style=\"color: #000000;\">Al mediod\u00eda, el mandatario provincial, junto a la titular del EMETUR y la Subsecretaria de Turismo, Deportes y Ambiente de la Naci\u00f3n, Yanina Mart\u00ednez, se reunir\u00e1 con el coleccionista argentino y due\u00f1o del museo del f\u00fatbol \u201cLegends\u201d.<\/span><\/p>\n<p><span style=\"color: #000000;\">Posteriormente, los tres funcionarios se reunir\u00e1n con autoridades de Globant, empresa de ingenier\u00eda de software y tecnolog\u00eda de la informaci\u00f3n, originaria de Argentina, con sede en Luxemburgo.<\/span><\/p>\n<p><span style=\"color: #000000;\">Por la tarde, la agenda del Gobernador contin\u00faa con una nueva reuni\u00f3n. En la oportunidad, Alfredo Cornejo se encontrar\u00e1 con Gustavo Santos, director regional para las Am\u00e9ricas de la Organizaci\u00f3n Mundial del Turismo (OMT). El encuentro ser\u00e1 en la sede de la instituci\u00f3n. Posteriormente, se sumar\u00e1n los funcionarios mendocinos a una reuni\u00f3n con el secretario general de la OMT, Zurab Pololikashvili, y los miembros de la delegaci\u00f3n argentina.<\/span><\/p>\n<p><span style=\"color: #000000;\">Por nuestro pa\u00eds, tambi\u00e9n participar\u00e1n en esta reuni\u00f3n la subsecretaria de Turismo de la Naci\u00f3n, Yanina Mart\u00ednez; la presidenta del Emetur, Gabriela Testa; el presidente de la Agencia C\u00f3rdoba Turismo, Dario Capitani; el vocal\u00a0<em>manager\u00a0<\/em>de la Agencia C\u00f3rdoba Turismo, Diego Barberis, y el presidente del Ente de Turismo de la Ciudad de Buenos Aires, Valent\u00edn D\u00edaz Gilligan.<\/span><\/p>\n<p><span style=\"color: #000000;\">Para finalizar la primera jornada en Espa\u00f1a, el Gobernador se reunir\u00e1 con el director general de la empresa de aceite oliva Migaza, Antonio Gallego, compa\u00f1\u00eda con presencia en 120 pa\u00edses y una de las m\u00e1s importantes del mundo.<\/span><\/p>\n<h2><span style=\"color: #000000;\"><strong>FITUR 2024<\/strong><\/span><\/h2>\n<p><span style=\"color: #000000;\">La comitiva oficial encabezada por el Gobernador Alfredo Cornejo asistir\u00e1 a la Feria Internacional del Turismo 2024 (FITUR). Se trata de una de las de mayor reconocimiento internacional y este a\u00f1o celebra su 44\u00aa edici\u00f3n. Se desarrollar\u00e1 del 24 al 28 de enero en el recinto Ifema de Madrid. En esta ocasi\u00f3n, la sostenibilidad ser\u00e1 el eje central de toda la oferta tur\u00edstica de una feria que apunta a cifras r\u00e9cord respecto de a\u00f1os anteriores.<\/span><\/p>\n<p><span style=\"color: #000000;\">El evento contar\u00e1 con nueve pabellones que acoger\u00e1n a 9.000 empresas y entidades participantes y 96 representaciones oficiales de hasta 152 pa\u00edses. Habr\u00e1 806 expositores titulares, lo que supone un incremento de 7%, respecto a la edici\u00f3n de 2023.\u00a0<\/span><\/p>\n<p><span style=\"color: #000000;\">Este a\u00f1o, la feria espera recibir una gran afluencia de asistentes. Se estima alrededor de 250.000 personas, entre ellas unos 150.000 profesionales del sector tur\u00edstico y 100.000 asistentes de p\u00fablico general.<\/span><\/p>\n","protected":false},"excerpt":{"rendered":"<p>El Gobernador de Mendoza est\u00e1 en Madrid, acompa\u00f1ado por la presidenta del Emetur, Gabriela Testa. El viaje tiene como objetivo la &#8230;<\/p>\n","protected":false},"author":7,"featured_media":131835,"comment_status":"open","ping_status":"open","sticky":false,"template":"","format":"standard","meta":{"footnotes":""},"categories":[5,77],"tags":[],"class_list":["post-131834","post","type-post","status-publish","format-standard","has-post-thumbnail","hentry","category-actualidad","category-gobierno"],"_links":{"self":[{"href":"https:\/\/vinasfm.com\/noticias\/wp-json\/wp\/v2\/posts\/131834","targetHints":{"allow":["GET"]}}],"collection":[{"href":"https:\/\/vinasfm.com\/noticias\/wp-json\/wp\/v2\/posts"}],"about":[{"href":"https:\/\/vinasfm.com\/noticias\/wp-json\/wp\/v2\/types\/post"}],"author":[{"embeddable":true,"href":"https:\/\/vinasfm.com\/noticias\/wp-json\/wp\/v2\/users\/7"}],"replies":[{"embeddable":true,"href":"https:\/\/vinasfm.com\/noticias\/wp-json\/wp\/v2\/comments?post=131834"}],"version-history":[{"count":1,"href":"https:\/\/vinasfm.com\/noticias\/wp-json\/wp\/v2\/posts\/131834\/revisions"}],"predecessor-version":[{"id":131836,"href":"https:\/\/vinasfm.com\/noticias\/wp-json\/wp\/v2\/posts\/131834\/revisions\/131836"}],"wp:featuredmedia":[{"embeddable":true,"href":"https:\/\/vinasfm.com\/noticias\/wp-json\/wp\/v2\/media\/131835"}],"wp:attachment":[{"href":"https:\/\/vinasfm.com\/noticias\/wp-json\/wp\/v2\/media?parent=131834"}],"wp:term":[{"taxonomy":"category","embeddable":true,"href":"https:\/\/vinasfm.com\/noticias\/wp-json\/wp\/v2\/categories?post=131834"},{"taxonomy":"post_tag","embeddable":true,"href":"https:\/\/vinasfm.com\/noticias\/wp-json\/wp\/v2\/tags?post=131834"}],"curies":[{"name":"wp","href":"https:\/\/api.w.org\/{rel}","templated":true}]}}