{"id":131816,"date":"2024-01-23T08:52:22","date_gmt":"2024-01-23T11:52:22","guid":{"rendered":"https:\/\/vinasfm.com\/noticias\/?p=131816"},"modified":"2024-01-23T08:52:22","modified_gmt":"2024-01-23T11:52:22","slug":"martes-muy-caluroso-con-alerta-por-temperaturas-extremas","status":"publish","type":"post","link":"https:\/\/vinasfm.com\/noticias\/martes-muy-caluroso-con-alerta-por-temperaturas-extremas\/","title":{"rendered":"MARTES MUY CALUROSO, CON ALERTA POR TEMPERATURAS EXTREMAS"},"content":{"rendered":"<p><strong>El martes arranca muy caluroso e inestable con nubosidad variable, vientos moderados del noreste. Tormentas aisladas.\u00a0La m\u00e1xima prevista para esta jornada podr\u00eda llegar a los 35 grados.\u00a0<\/strong><\/p>\n<p>Adem\u00e1s, el Servicio Meteorol\u00f3gico Nacional (SMN) emiti\u00f3 un alerta amarilla por temperaturas extremas. El fen\u00f3meno afectar\u00e1 el Este de Las Heras, Lavalle, La Paz, San Mart\u00edn, Santa Rosa, zonas bajas de General Alvear y San Rafael.<\/p>\n<p>El mi\u00e9rcoles contin\u00faa la ola de calor y el term\u00f3metro aumenta a\u00fan m\u00e1s. Para la jornada se prev\u00e9: <em><strong>\u201cCaluroso con nubosidad variable, vientos moderados del noreste\u201d.<\/strong><\/em> La M\u00ednima ser\u00e1 de 20\u00baC y la M\u00e1xima de 37\u00baC.<\/p>\n<p>Para el\u00a0<strong>jueves<\/strong> se pronostica una jornada muy calurosa con nubosidad variable, vientos moderados del noreste. <strong>\u00a0La M\u00ednima ser\u00e1 de 18\u00baC y la M\u00e1xima de 39\u00baC.<\/strong><\/p>\n","protected":false},"excerpt":{"rendered":"<p>El martes arranca muy caluroso e inestable con nubosidad variable, vientos moderados del noreste. Tormentas aisladas.\u00a0La m\u00e1xima prevista para esta jornada &#8230;<\/p>\n","protected":false},"author":7,"featured_media":131817,"comment_status":"open","ping_status":"open","sticky":false,"template":"","format":"standard","meta":{"footnotes":""},"categories":[1],"tags":[],"class_list":["post-131816","post","type-post","status-publish","format-standard","has-post-thumbnail","hentry","category-fmvinas"],"_links":{"self":[{"href":"https:\/\/vinasfm.com\/noticias\/wp-json\/wp\/v2\/posts\/131816","targetHints":{"allow":["GET"]}}],"collection":[{"href":"https:\/\/vinasfm.com\/noticias\/wp-json\/wp\/v2\/posts"}],"about":[{"href":"https:\/\/vinasfm.com\/noticias\/wp-json\/wp\/v2\/types\/post"}],"author":[{"embeddable":true,"href":"https:\/\/vinasfm.com\/noticias\/wp-json\/wp\/v2\/users\/7"}],"replies":[{"embeddable":true,"href":"https:\/\/vinasfm.com\/noticias\/wp-json\/wp\/v2\/comments?post=131816"}],"version-history":[{"count":1,"href":"https:\/\/vinasfm.com\/noticias\/wp-json\/wp\/v2\/posts\/131816\/revisions"}],"predecessor-version":[{"id":131818,"href":"https:\/\/vinasfm.com\/noticias\/wp-json\/wp\/v2\/posts\/131816\/revisions\/131818"}],"wp:featuredmedia":[{"embeddable":true,"href":"https:\/\/vinasfm.com\/noticias\/wp-json\/wp\/v2\/media\/131817"}],"wp:attachment":[{"href":"https:\/\/vinasfm.com\/noticias\/wp-json\/wp\/v2\/media?parent=131816"}],"wp:term":[{"taxonomy":"category","embeddable":true,"href":"https:\/\/vinasfm.com\/noticias\/wp-json\/wp\/v2\/categories?post=131816"},{"taxonomy":"post_tag","embeddable":true,"href":"https:\/\/vinasfm.com\/noticias\/wp-json\/wp\/v2\/tags?post=131816"}],"curies":[{"name":"wp","href":"https:\/\/api.w.org\/{rel}","templated":true}]}}