{"id":131702,"date":"2024-01-18T19:26:58","date_gmt":"2024-01-18T22:26:58","guid":{"rendered":"https:\/\/vinasfm.com\/noticias\/?p=131702"},"modified":"2024-01-20T09:42:02","modified_gmt":"2024-01-20T12:42:02","slug":"la-dge-traslado-el-cuadro-grandeza-y-modestia-al-memorial-de-la-bandera","status":"publish","type":"post","link":"https:\/\/vinasfm.com\/noticias\/la-dge-traslado-el-cuadro-grandeza-y-modestia-al-memorial-de-la-bandera\/","title":{"rendered":"LA DGE TRASLAD\u00d3 EL CUADRO \u201cGRANDEZA Y MODESTIA\u201d AL MEMORIAL DE LA BANDERA"},"content":{"rendered":"<p><strong>Se trata de la pintura del General San Mart\u00edn realizada por el artista visual Fidel Roig Mat\u00f3ns en 1941. El ministro de Educaci\u00f3n, Cultura, Infancias y DGE entreg\u00f3 formalmente la obra que estaba en la Casa de Gobierno.<\/strong><\/p>\n<p>Garc\u00eda Zalazar manifest\u00f3: <strong><em>\u201cEn este 207 aniversario de la partida del Ej\u00e9rcito de los Andes hacia Chile, decidimos traer este cuadro para que la gente pueda apreciar una de las obras de arte de uno de los artistas m\u00e1s importantes que ha interpretado a San Mart\u00edn en toda su carrera. Es una obra que muestra a San Mart\u00edn con poncho, como si fuera antes de la salida del Ej\u00e9rcito Libertador. La idea es que pueda ser apreciada por toda la gente que nos visita, ya que el Memorial de la Bandera es un lugar muy concurrido por turistas, por mendocinas y mendocinos\u201d,<\/em> <\/strong>concluy\u00f3 el funcionario.<\/p>\n<p><a href=\"https:\/\/vinasfm.com\/noticias\/wp-content\/uploads\/2024\/01\/1DSC_0865-700x488-1.jpg\"><img loading=\"lazy\" decoding=\"async\" class=\"alignnone size-medium wp-image-131703\" src=\"https:\/\/vinasfm.com\/noticias\/wp-content\/uploads\/2024\/01\/1DSC_0865-700x488-1-300x209.jpg\" alt=\"\" width=\"300\" height=\"209\" srcset=\"https:\/\/vinasfm.com\/noticias\/wp-content\/uploads\/2024\/01\/1DSC_0865-700x488-1-300x209.jpg 300w, https:\/\/vinasfm.com\/noticias\/wp-content\/uploads\/2024\/01\/1DSC_0865-700x488-1.jpg 700w\" sizes=\"auto, (max-width: 300px) 100vw, 300px\" \/><\/a><\/p>\n<h2>Historia de Grandeza y modestia<\/h2>\n<p>La obra que representa al General Don Jos\u00e9 de San Mart\u00edn fue pintada en 1941 por el artista visual Fidel Roig Mat\u00f3ns. En 1945, tras ser adquirida por el Gobierno provincial, se la coloc\u00f3 en la Sala de la Bandera de los Andes, en la antigua Casa de Gobierno (calle Rivadavia, entre Mitre y Patricias Mendocinas). Posteriormente, en 1951, fue trasladada al cuarto piso de la nueva Casa de Gobierno, ubicada en el Centro C\u00edvico. En 1990 permaneci\u00f3 en el Sal\u00f3n de Acuerdos del Ministerio de Salud. Desde 2016 hasta la actualidad, estuvo en la DGE, por pr\u00e9stamo del Ministerio de Salud.<\/p>\n<h2>La DGE en la ruta sanmartiniana<\/h2>\n<p>Conmemorando un nuevo aniversario de la gesta que liber\u00f3 Am\u00e9rica, cabe destacar que en cada sitio de la ruta sanmartiniana hay una instituci\u00f3n educativa. Se trata de escuelas casi todas centenarias y, generalmente, con nombres que invocan la gesta emancipadora de San Martin. Fueron construidas sobre los bordes de un r\u00edo y ubicadas, en su mayor\u00eda, junto a una bodega o una capilla hist\u00f3rica.<\/p>\n","protected":false},"excerpt":{"rendered":"<p>Se trata de la pintura del General San Mart\u00edn realizada por el artista visual Fidel Roig Mat\u00f3ns en 1941. El ministro &#8230;<\/p>\n","protected":false},"author":7,"featured_media":131704,"comment_status":"open","ping_status":"open","sticky":false,"template":"","format":"standard","meta":{"footnotes":""},"categories":[5,19],"tags":[],"class_list":["post-131702","post","type-post","status-publish","format-standard","has-post-thumbnail","hentry","category-actualidad","category-cultura"],"_links":{"self":[{"href":"https:\/\/vinasfm.com\/noticias\/wp-json\/wp\/v2\/posts\/131702","targetHints":{"allow":["GET"]}}],"collection":[{"href":"https:\/\/vinasfm.com\/noticias\/wp-json\/wp\/v2\/posts"}],"about":[{"href":"https:\/\/vinasfm.com\/noticias\/wp-json\/wp\/v2\/types\/post"}],"author":[{"embeddable":true,"href":"https:\/\/vinasfm.com\/noticias\/wp-json\/wp\/v2\/users\/7"}],"replies":[{"embeddable":true,"href":"https:\/\/vinasfm.com\/noticias\/wp-json\/wp\/v2\/comments?post=131702"}],"version-history":[{"count":1,"href":"https:\/\/vinasfm.com\/noticias\/wp-json\/wp\/v2\/posts\/131702\/revisions"}],"predecessor-version":[{"id":131705,"href":"https:\/\/vinasfm.com\/noticias\/wp-json\/wp\/v2\/posts\/131702\/revisions\/131705"}],"wp:featuredmedia":[{"embeddable":true,"href":"https:\/\/vinasfm.com\/noticias\/wp-json\/wp\/v2\/media\/131704"}],"wp:attachment":[{"href":"https:\/\/vinasfm.com\/noticias\/wp-json\/wp\/v2\/media?parent=131702"}],"wp:term":[{"taxonomy":"category","embeddable":true,"href":"https:\/\/vinasfm.com\/noticias\/wp-json\/wp\/v2\/categories?post=131702"},{"taxonomy":"post_tag","embeddable":true,"href":"https:\/\/vinasfm.com\/noticias\/wp-json\/wp\/v2\/tags?post=131702"}],"curies":[{"name":"wp","href":"https:\/\/api.w.org\/{rel}","templated":true}]}}