{"id":131691,"date":"2024-01-18T11:20:31","date_gmt":"2024-01-18T14:20:31","guid":{"rendered":"https:\/\/vinasfm.com\/noticias\/?p=131691"},"modified":"2024-01-19T10:18:37","modified_gmt":"2024-01-19T13:18:37","slug":"el-sanrafaelino-roberto-rios-es-el-nuevo-director-de-ganaderia-de-mendoza-lo-que-potenciara-el-crecimiento-de-la-actividad-en-el-sur","status":"publish","type":"post","link":"https:\/\/vinasfm.com\/noticias\/el-sanrafaelino-roberto-rios-es-el-nuevo-director-de-ganaderia-de-mendoza-lo-que-potenciara-el-crecimiento-de-la-actividad-en-el-sur\/","title":{"rendered":"EL SANRAFAELINO ROBERTO R\u00cdOS ES EL NUEVO DIRECTOR DE GANADER\u00cdA DE MENDOZA, LO QUE POTENCIAR\u00c1 EL CRECIMIENTO DE LA ACTIVIDAD EN EL SUR"},"content":{"rendered":"<p><strong>Desde su asunci\u00f3n, el gobernador Alfredo Cornejo ha ido d\u00e1ndole forma al equipo y gabinete que lo acompa\u00f1ar\u00e1n. En ese contexto, el nuevo director de Ganader\u00eda de Mendoza es el sanrafaelino Roberto R\u00edos.\u00a0<\/strong><\/p>\n<p>R\u00edos es presidente del Cl\u00faster Ganadero de Mendoza y vicepresidente 2\u00ba de la C\u00e1mara de Comercio de San Rafael. Tambi\u00e9n es miembro de CREA, una asociaci\u00f3n civil sin fines de lucro integrada y dirigida por empresarios agropecuarios.<\/p>\n<p>Sobre lo que le toca ahora, se\u00f1al\u00f3 que <em><strong>\u201ceste es un desaf\u00edo m\u00e1s, agradezco al se\u00f1or gobernador, a la vicegobernadora Hebe Casado, al ministro de la Producci\u00f3n que me ha dado la oportunidad, ya que toda mi vida he estado trabajando en el \u00e1mbito privado, y creo que voy a tratar de cumplir las expectativas de los colegas, sobre todo tratando de hacer una buena gesti\u00f3n, y vamos a ver c\u00f3mo sale; no he mostrado error nunca en la parte p\u00fablica, as\u00ed que vamos a probarnos c\u00f3mo salen las cosas\u201d<\/strong><\/em>.<\/p>\n<p>Si bien es un a\u00f1o dif\u00edcil desde lo econ\u00f3mico \u2013destac\u00f3\u2013 <em><strong>\u201cvamos a tratar de gestionar, simplificarle sobre todo a los ganaderos. Yo soy ganadero y s\u00e9 que a veces hay unas limitaciones de la parte p\u00fablica, entonces vamos a tratar de simplificarle la vida al ganadero, con gesti\u00f3n, con apoyo y estando en territorio, ir al lugar donde est\u00e1 el problema; por supuesto que las puertas de la Direcci\u00f3n van a estar abiertas, pero vamos a ir al territorio a ver los problemas, vamos a tratar de ir a cada departamento, a cada lugar, para interiorizarnos de los problemas y poder darles la mejor soluci\u00f3n\u201d.<\/strong><\/em><\/p>\n<p>Record\u00f3 que ese organismo es el \u00fanico provincial, cuyas principales oficinas est\u00e1n en General Alvear, y ser\u00e1 justamente el punto desde el que se mover\u00e1n en este trabajo. <em><strong>\u201cLa oficina de Ganader\u00eda va a seguir en Alvear\u201d<\/strong><\/em>, asegur\u00f3 e insisti\u00f3 con que <strong><em>\u201cvoy a trabajar desde ah\u00ed movi\u00e9ndome hacia cualquier departamento que haga falta\u201d.<\/em><\/strong> Adelant\u00f3 adem\u00e1s, que se fortalecer\u00e1 todo lo bueno que se desarroll\u00f3 durante la gesti\u00f3n anterior, que estuvo a cargo de Dami\u00e1n Carb\u00f3.<\/p>\n<p>Roberto R\u00edos hizo hincapi\u00e9 en que <em><strong>\u201cla ganader\u00eda es la segunda actividad productiva de Mendoza despu\u00e9s de la vitivinicultura: cuando uno suma todos los eslabones de la carne (campos de cr\u00eda, feedlot, carnicer\u00edas, frigor\u00edficos), se suma el 20% de la econom\u00eda\u201d.<\/strong><\/em> Existe como objetivo que crezca a\u00fan m\u00e1s, llegando al 30% antes del a\u00f1o 2030.<em><strong> \u201cComo director, voy a tratar de que eso se vaya cumpliendo, porque creo que tiene un gran potencial Mendoza para desarrollarse\u201d<\/strong><\/em>, enfatiz\u00f3.<\/p>\n","protected":false},"excerpt":{"rendered":"<p>Desde su asunci\u00f3n, el gobernador Alfredo Cornejo ha ido d\u00e1ndole forma al equipo y gabinete que lo acompa\u00f1ar\u00e1n. En ese contexto, &#8230;<\/p>\n","protected":false},"author":7,"featured_media":131692,"comment_status":"open","ping_status":"open","sticky":false,"template":"","format":"standard","meta":{"footnotes":""},"categories":[5,24],"tags":[],"class_list":["post-131691","post","type-post","status-publish","format-standard","has-post-thumbnail","hentry","category-actualidad","category-ganaderia"],"_links":{"self":[{"href":"https:\/\/vinasfm.com\/noticias\/wp-json\/wp\/v2\/posts\/131691","targetHints":{"allow":["GET"]}}],"collection":[{"href":"https:\/\/vinasfm.com\/noticias\/wp-json\/wp\/v2\/posts"}],"about":[{"href":"https:\/\/vinasfm.com\/noticias\/wp-json\/wp\/v2\/types\/post"}],"author":[{"embeddable":true,"href":"https:\/\/vinasfm.com\/noticias\/wp-json\/wp\/v2\/users\/7"}],"replies":[{"embeddable":true,"href":"https:\/\/vinasfm.com\/noticias\/wp-json\/wp\/v2\/comments?post=131691"}],"version-history":[{"count":1,"href":"https:\/\/vinasfm.com\/noticias\/wp-json\/wp\/v2\/posts\/131691\/revisions"}],"predecessor-version":[{"id":131693,"href":"https:\/\/vinasfm.com\/noticias\/wp-json\/wp\/v2\/posts\/131691\/revisions\/131693"}],"wp:featuredmedia":[{"embeddable":true,"href":"https:\/\/vinasfm.com\/noticias\/wp-json\/wp\/v2\/media\/131692"}],"wp:attachment":[{"href":"https:\/\/vinasfm.com\/noticias\/wp-json\/wp\/v2\/media?parent=131691"}],"wp:term":[{"taxonomy":"category","embeddable":true,"href":"https:\/\/vinasfm.com\/noticias\/wp-json\/wp\/v2\/categories?post=131691"},{"taxonomy":"post_tag","embeddable":true,"href":"https:\/\/vinasfm.com\/noticias\/wp-json\/wp\/v2\/tags?post=131691"}],"curies":[{"name":"wp","href":"https:\/\/api.w.org\/{rel}","templated":true}]}}