{"id":131677,"date":"2024-01-18T08:51:00","date_gmt":"2024-01-18T11:51:00","guid":{"rendered":"https:\/\/vinasfm.com\/noticias\/?p=131677"},"modified":"2024-01-19T10:20:00","modified_gmt":"2024-01-19T13:20:00","slug":"el-intendente-convoco-a-conformar-un-consejo-socioeconomico","status":"publish","type":"post","link":"https:\/\/vinasfm.com\/noticias\/el-intendente-convoco-a-conformar-un-consejo-socioeconomico\/","title":{"rendered":"EL INTENDENTE CONVOC\u00d3 A CONFORMAR UN CONSEJO SOCIOECON\u00d3MICO"},"content":{"rendered":"<p><span style=\"color: #000000;\"><strong>El jefe comunal reuni\u00f3 a las Fuerzas Vivas del departamento para trabajar en conjunto, buscando las mejores herramientas que permitan a los alvearenses vivir mejor.<\/strong><\/span><\/p>\n<p><span style=\"color: #000000;\">Estuvieron presentes jefes policiales locales, la presidente del HCD, representantes de iglesias evang\u00e9licas. Presidentes y referentes de distintos partidos pol\u00edticos, entidades intermedias como CECSAGAL, C\u00e1mara joven y C\u00e1mara de Comercio. Tambi\u00e9n, referentes de la salud local. <\/span><br \/>\n<span style=\"color: #000000;\">Adem\u00e1s, el intendente estuvo acompa\u00f1ado por los secretarios de Gobierno, de Hacienda, y de Desarrollo.<\/span><\/p>\n<p><span style=\"color: #000000;\">Los temas puntuales a tratar: las dificultades econ\u00f3micas que enfrenta nuestro pa\u00eds, y c\u00f3mo impacta en cada hogar de nuestro departamento. Seguridad. Trabajo. Desarrollo local.<\/span><\/p>\n<p><span style=\"color: #000000;\">Se fij\u00f3 una reuni\u00f3n mensual para tratar cada tem\u00e1tica, profundizar y dar soluciones.<\/span><\/p>\n","protected":false},"excerpt":{"rendered":"<p>El jefe comunal reuni\u00f3 a las Fuerzas Vivas del departamento para trabajar en conjunto, buscando las mejores herramientas que permitan a &#8230;<\/p>\n","protected":false},"author":7,"featured_media":131679,"comment_status":"open","ping_status":"open","sticky":false,"template":"","format":"standard","meta":{"footnotes":""},"categories":[5,10],"tags":[],"class_list":["post-131677","post","type-post","status-publish","format-standard","has-post-thumbnail","hentry","category-actualidad","category-destacadas"],"_links":{"self":[{"href":"https:\/\/vinasfm.com\/noticias\/wp-json\/wp\/v2\/posts\/131677","targetHints":{"allow":["GET"]}}],"collection":[{"href":"https:\/\/vinasfm.com\/noticias\/wp-json\/wp\/v2\/posts"}],"about":[{"href":"https:\/\/vinasfm.com\/noticias\/wp-json\/wp\/v2\/types\/post"}],"author":[{"embeddable":true,"href":"https:\/\/vinasfm.com\/noticias\/wp-json\/wp\/v2\/users\/7"}],"replies":[{"embeddable":true,"href":"https:\/\/vinasfm.com\/noticias\/wp-json\/wp\/v2\/comments?post=131677"}],"version-history":[{"count":1,"href":"https:\/\/vinasfm.com\/noticias\/wp-json\/wp\/v2\/posts\/131677\/revisions"}],"predecessor-version":[{"id":131678,"href":"https:\/\/vinasfm.com\/noticias\/wp-json\/wp\/v2\/posts\/131677\/revisions\/131678"}],"wp:featuredmedia":[{"embeddable":true,"href":"https:\/\/vinasfm.com\/noticias\/wp-json\/wp\/v2\/media\/131679"}],"wp:attachment":[{"href":"https:\/\/vinasfm.com\/noticias\/wp-json\/wp\/v2\/media?parent=131677"}],"wp:term":[{"taxonomy":"category","embeddable":true,"href":"https:\/\/vinasfm.com\/noticias\/wp-json\/wp\/v2\/categories?post=131677"},{"taxonomy":"post_tag","embeddable":true,"href":"https:\/\/vinasfm.com\/noticias\/wp-json\/wp\/v2\/tags?post=131677"}],"curies":[{"name":"wp","href":"https:\/\/api.w.org\/{rel}","templated":true}]}}