{"id":131675,"date":"2024-01-18T08:32:53","date_gmt":"2024-01-18T11:32:53","guid":{"rendered":"https:\/\/vinasfm.com\/noticias\/?p=131675"},"modified":"2024-01-19T10:20:35","modified_gmt":"2024-01-19T13:20:35","slug":"alfredo-cornejo-declaro-la-emergencia-agropecuaria-hasta-marzo-del-2025-en-mendoza","status":"publish","type":"post","link":"https:\/\/vinasfm.com\/noticias\/alfredo-cornejo-declaro-la-emergencia-agropecuaria-hasta-marzo-del-2025-en-mendoza\/","title":{"rendered":"ALFREDO CORNEJO DECLAR\u00d3 LA EMERGENCIA AGROPECUARIA HASTA MARZO DEL 2025 EN MENDOZA"},"content":{"rendered":"<p><span style=\"color: #000000;\"><strong>Abarcar\u00e1 el periodo entre el 1 de diciembre del 2023 y el 31 de marzo del 2025. El decreto se publicar\u00e1 en los pr\u00f3ximos d\u00edas en el Bolet\u00edn Oficial.<\/strong><\/span><\/p>\n<p><span style=\"color: #000000;\">El\u00a0<strong>Gobierno de Mendoza<\/strong>\u00a0publicar\u00e1 en los pr\u00f3ximos d\u00edas un decreto en el\u00a0<strong>Bolet\u00edn Oficial<\/strong>\u00a0que declara el\u00a0<strong>desastre\u00a0<\/strong>y la\u00a0<strong>emergencia agropecuaria<\/strong>\u00a0en los cuatro oasis productivos de la provincia.<\/span><\/p>\n<p><span style=\"color: #000000;\">Seg\u00fan el Ejecutivo, incluir\u00e1 a las zonas que se vieron afectadas por las heladas tard\u00edas, viento zonda y granizo registrados durante el periodo agr\u00edcola 2023\/24\u00a0y buscar\u00e1 mitigar el impacto negativo que esto genera en las econom\u00edas familiares.<\/span><\/p>\n<p><span style=\"color: #000000;\"><a style=\"color: #000000;\" href=\"https:\/\/www.mendoza.gov.ar\/prensa\/por-ley-mendoza-ofrece-beneficios-para-los-productores-en-emergencia-o-desastre-agropecuario\/#:~:text=La%20Ley%20Provincial%209083%20declara,con%20p%C3%A9rdidas%20mayores%20a%2080%25.&amp;text=Eximici%C3%B3n%20de%20pago%20del%20impuesto%20inmobiliario.\">La ley 9083\u00a0<\/a>indica que el estado de emergencia agropecuaria comprende a las propiedades ubicadas en distritos en el que las contingencias clim\u00e1ticas hayan generado un da\u00f1o del 50% y hasta el 79% de la producci\u00f3n, mientras que en el estado de desastre agropecuario es para aquellas que las p\u00e9rdidas van del 80% al 10%.<\/span><\/p>\n<h2 id=\"h-los-distritos-que-estaran-bajo-emergencia-agropecuaria\" class=\"wp-block-heading\"><span style=\"color: #000000;\">Los distritos que estar\u00e1n bajo emergencia agropecuaria<\/span><\/h2>\n<p><span style=\"color: #000000;\"><strong>Regi\u00f3n Centro<\/strong><\/span><\/p>\n<ul>\n<li><span style=\"color: #000000;\"><strong>San Carlos:<\/strong>\u00a0Chilecito, Eugenio Bustos, La Consulta, Pareditas y Villa San Carlos.<\/span><\/li>\n<li><span style=\"color: #000000;\"><strong>Tunuy\u00e1n:\u00a0<\/strong>Campo Los Andes, Colonia Las Rosas, El Algarrobo, El Totoral, La Primavera, Las Pintadas, Los \u00c1rboles, Los Chacayes, Los Sauces, Tunuy\u00e1n, Villa Seca y Vista Flores.<\/span><\/li>\n<li><span style=\"color: #000000;\"><strong>Tupungato<\/strong>: Cord\u00f3n del Plata, El Peral, El Zampal, El Zampalito, Gualtallary, La Arboleda, La Carrera, San Jos\u00e9, Tupungato y Villa Bastias.<\/span><\/li>\n<\/ul>\n<p><span style=\"color: #000000;\"><strong>Regi\u00f3n Este<\/strong><\/span><\/p>\n<ul>\n<li><span style=\"color: #000000;\"><strong>Jun\u00edn:<\/strong>\u00a0Algarrobo Grande, Alto Verde, Jun\u00edn, La Colonia, Los Barriales, Medrano, Mundo Nuevo, Phillips y Rodr\u00edguez Pe\u00f1a.<\/span><\/li>\n<li><span style=\"color: #000000;\"><strong>Rivadavia:\u00a0<\/strong>Andrade, El Mirador, La Central, La Libertad, Los \u00c1rboles, Los Campamentos, Medrano, Mundo Nuevo, Reducci\u00f3n, Rivadavia y Santa Mar\u00eda de Oro.<\/span><\/li>\n<li><span style=\"color: #000000;\"><strong>San Mart\u00edn:<\/strong>\u00a0Alto Salvador, Alto Verde, Buen Orden, Chapanay, Chivilcoy, El Divisadero, El Espino, El Rambl\u00f3n, Las Chimbas, Montecaseros, Nueva California, Palmira, San Mart\u00edn y Tres Porte\u00f1as.<\/span><\/li>\n<li><span style=\"color: #000000;\"><strong>Santa Rosa:<\/strong>\u00a012 de Octubre, La Dormida, Las Catitas y Santa Rosa.<\/span><\/li>\n<\/ul>\n<p><span style=\"color: #000000;\"><strong>Regi\u00f3n Norte<\/strong><\/span><\/p>\n<aside class=\"scaip scaip-2 \"><\/aside>\n<ul>\n<li><span style=\"color: #000000;\"><strong>Guaymall\u00e9n<\/strong>: Buena Nueva y Km 11.<\/span><\/li>\n<li><span style=\"color: #000000;\"><strong>Las Heras:<\/strong>\u00a0Capdevilla, El Algarrobal y Las Heras.<\/span><\/li>\n<li><span style=\"color: #000000;\"><strong>Lavalle:\u00a0<\/strong>Costa de Araujo, El Carmen, El Chilcal, El Plumero, El Vergel, Ing. Gustavo Andr\u00e9, Jocol\u00ed, Jocol\u00ed Viejo, La Palmera, La Pega, Las Violetas, Paramillo, San Francisco, Tres de Mayo y Tulumaya.<\/span><\/li>\n<li><span style=\"color: #000000;\"><strong>Luj\u00e1n de Cuyo:<\/strong>\u00a0Agrelo, Carrizal, Perdriel, Ugarteche y Vistalba.<\/span><\/li>\n<li><span style=\"color: #000000;\"><strong>Maip\u00fa:<\/strong>\u00a0Barrancas, Coquimbito, Cruz de Piedra, Fray Luis Beltr\u00e1n, Lunlunta y San Roque.<\/span><\/li>\n<\/ul>\n<p><span style=\"color: #000000;\"><strong>Regi\u00f3n Sur<\/strong><\/span><\/p>\n<ul>\n<li><span style=\"color: #000000;\"><strong>General Alvear:<\/strong>\u00a0Alvear Oeste, Bowen, Gral. Alvear y San Pedro de Atuel.<\/span><\/li>\n<li><span style=\"color: #000000;\"><strong>San Rafael:<\/strong>\u00a0Ca\u00f1ada Seca, Cuadro Benegas, Cuadro Nacional, El Cerrito, Goudge, Jaime Prats, La Llave, Las Paredes, Monte Com\u00e1n, Rama Ca\u00edda, Real del Padre, San Rafael y Villa Atuel.<\/span><\/li>\n<\/ul>\n<p><span style=\"color: #000000;\">Los beneficios a los que podr\u00e1n acceder los productores que se encuentren dentro de la emergencia agropecuaria incluye:<\/span><\/p>\n<ul>\n<li><span style=\"color: #000000;\">Eximici\u00f3n de pago del impuesto inmobiliario.<\/span><\/li>\n<li><span style=\"color: #000000;\">Eximici\u00f3n de los c\u00e1nones de riego (superficial y subterr\u00e1neo) por un valor igual al 50% de la factura correspondiente.<\/span><\/li>\n<li><span style=\"color: #000000;\">Pr\u00f3rroga de hasta 90 d\u00edas h\u00e1biles para los vencimientos de cuotas correspondientes a cr\u00e9ditos otorgados por organismos financieros, oficiales o mixtos.<\/span><\/li>\n<li><span style=\"color: #000000;\">Las instituciones financieras oficiales o mixtas provinciales deber\u00e1n establecer l\u00edneas de cr\u00e9ditos con tasas de inter\u00e9s bonificadas, un a\u00f1o de gracia y plazo de pago que no podr\u00e1 ser inferior a los tres a\u00f1os.<\/span><\/li>\n<li><span style=\"color: #000000;\">Las empresas y cooperativas distribuidoras de energ\u00eda el\u00e9ctrica deber\u00e1n establecer una bonificaci\u00f3n del 25% en las facturas de la energ\u00eda el\u00e9ctrica utilizada para riego agr\u00edcola.<\/span><\/li>\n<li><span style=\"color: #000000;\">Suspensi\u00f3n de hasta 90 d\u00edas h\u00e1biles de juicios y procedimientos por cobros de acreencias referidas \u00fanicamente a los impuestos y servicios contemplados en la ley.<\/span><\/li>\n<li><span style=\"color: #000000;\">Suspensi\u00f3n de hasta 90 d\u00edas h\u00e1biles de la obligatoriedad de validaci\u00f3n prevista en el art\u00edculo 185 inciso x) del C\u00f3digo Fiscal de la Provincia de Mendoza.<\/span><\/li>\n<\/ul>\n<p><img decoding=\"async\" src=\"https:\/\/i0.wp.com\/newspack-elsol.s3.amazonaws.com\/wp-content\/uploads\/2024\/01\/Granizo-2.jpg?resize=650%2C440&amp;ssl=1\" \/><\/p>\n<h2 id=\"h-distritos-en-estado-de-desastre-agropecuario\" class=\"wp-block-heading\">Distritos en estado de desastre agropecuario<\/h2>\n<p><strong>Regi\u00f3n Centro<\/strong><\/p>\n<aside class=\"scaip scaip-3 \"><\/aside>\n<ul>\n<li><strong>San Carlos:\u00a0<\/strong>Chilecito, Eugenio Bustos, La Consulta, Pareditas y Villa San Carlos.<\/li>\n<li><strong>Tunuy\u00e1n:<\/strong>\u00a0Campo Los Andes, Colonia Las Rosas, El Algarrobo, El Totoral, La Primavera, Las Pintadas, Los \u00c1rboles, Los Chacayes, Los Sauces, Tunuy\u00e1n, Villa Seca y Vista Flores.<\/li>\n<li><strong>Tupungato:<\/strong>\u00a0Cord\u00f3n del Plata, El Peral, El Zampal, El Zampalito, Gualtallary, La Arboleda, La Carrera, San Jos\u00e9, Tupungato y Villa Bastias<\/li>\n<\/ul>\n<p><strong>Regi\u00f3n Este<\/strong><\/p>\n<ul>\n<li><strong>Jun\u00edn:<\/strong>\u00a0Algarrobo Grande, Alto Verde, Jun\u00edn, La Colonia, Los Barriales, Medrano, Mundo Nuevo, Phillips y Rodr\u00edguez Pe\u00f1a.<\/li>\n<li><strong>Rivadavia<\/strong>: Andrade, El Mirador, La Central, La Libertad, Los \u00c1rboles, Los Campamentos, Medrano, Mundo Nuevo, Reducci\u00f3n, Rivadavia y Santa Mar\u00eda de Oro.<\/li>\n<li><strong>San Mart\u00edn:<\/strong>\u00a0Alto Salvador, Alto Verde, Chapanay, Chivilcoy, El Espino, El Rambl\u00f3n, Las Chimbas, Montecaseros, Nueva California, San Mart\u00edn y Tres Porte\u00f1as.<\/li>\n<li><strong>Santa Rosa:<\/strong>\u00a012 de Octubre, La Dormida, Las Catitas y Santa Rosa.<\/li>\n<\/ul>\n<p><strong>Regi\u00f3n Norte<\/strong><\/p>\n<ul>\n<li><strong>Las Heras:<\/strong>\u00a0Capdevilla y El Algarrobal.<\/li>\n<li><strong>Lavalle:<\/strong>\u00a0Costa de Araujo, El Carmen, El Chilcal, El Plumero, El Vergel, Ing. Gustavo Andr\u00e9, Jocol\u00ed, Jocol\u00ed Viejo, La Palmera, La Pega, Las Violetas, Paramillo, San Francisco, Tres de Mayo y Tulumaya.<\/li>\n<li><strong>Luj\u00e1n de Cuyo:<\/strong>\u00a0Agrelo, Carrizal, Perdriel, y Ugarteche.<\/li>\n<li><strong>Maip\u00fa:<\/strong>\u00a0Barrancas, Coquimbito y Fray Luis Beltr\u00e1n.<\/li>\n<\/ul>\n<p><strong>Regi\u00f3n Sur<\/strong><\/p>\n<aside class=\"scaip scaip-4 \"><\/aside>\n<ul>\n<li><strong>General Alvear:<\/strong>\u00a0Alvear Oeste, Bowen, Gral. Alvear y San Pedro de Atuel.<\/li>\n<li><strong>San Rafael:<\/strong>\u00a0Ca\u00f1ada Seca, Cuadro Benegas, Cuadro Nacional, El Cerrito, Goudge, Jaime Prats, La Llave, Las Paredes, Monte Com\u00e1n, Rama Ca\u00edda, Real del Padre y Villa Atuel.<\/li>\n<\/ul>\n<p>Este grupo de productores contar\u00e1 con la siguiente asistencia del Estado provincial:<\/p>\n<ul>\n<li>Eximici\u00f3n de pago del impuesto inmobiliario.<\/li>\n<li>Eximici\u00f3n de la obligaci\u00f3n de pagar los c\u00e1nones de riego (superficial y subterr\u00e1neo).<\/li>\n<li>Pr\u00f3rroga de hasta 90 d\u00edas h\u00e1biles para los vencimientos de cuotas correspondientes a cr\u00e9ditos otorgados por organismos financieros, oficiales o mixtos.<\/li>\n<li>Las instituciones financieras oficiales o mixtas Provinciales deber\u00e1n establecer l\u00edneas de cr\u00e9ditos con tasas de inter\u00e9s bonificadas, 1 a\u00f1o de gracia y plazos de al menos 1 a\u00f1o m\u00e1s que el de los cr\u00e9ditos para productores en Emergencia Agropecuaria.<\/li>\n<li>Las empresas y cooperativas distribuidoras de energ\u00eda el\u00e9ctrica deber\u00e1n establecer una bonificaci\u00f3n del 50% en las facturas correspondiente a la energ\u00eda el\u00e9ctrica utilizada para Riego Agr\u00edcola superficial y subterr\u00e1neo.<\/li>\n<li>Suspensi\u00f3n de hasta 180 d\u00edas h\u00e1biles de juicios y procedimientos por cobros de acreencias referidas \u00fanicamente a los impuestos y servicios contemplados en la ley.<\/li>\n<li>Suspensi\u00f3n de hasta 90 d\u00edas h\u00e1biles de la obligatoriedad de validaci\u00f3n prevista en el art\u00edculo 185 inciso x) del C\u00f3digo Fiscal de la Provincia de Mendoza.<\/li>\n<\/ul>\n","protected":false},"excerpt":{"rendered":"<p>Abarcar\u00e1 el periodo entre el 1 de diciembre del 2023 y el 31 de marzo del 2025. El decreto se publicar\u00e1 &#8230;<\/p>\n","protected":false},"author":7,"featured_media":131534,"comment_status":"open","ping_status":"open","sticky":false,"template":"","format":"standard","meta":{"footnotes":""},"categories":[5,10],"tags":[],"class_list":["post-131675","post","type-post","status-publish","format-standard","has-post-thumbnail","hentry","category-actualidad","category-destacadas"],"_links":{"self":[{"href":"https:\/\/vinasfm.com\/noticias\/wp-json\/wp\/v2\/posts\/131675","targetHints":{"allow":["GET"]}}],"collection":[{"href":"https:\/\/vinasfm.com\/noticias\/wp-json\/wp\/v2\/posts"}],"about":[{"href":"https:\/\/vinasfm.com\/noticias\/wp-json\/wp\/v2\/types\/post"}],"author":[{"embeddable":true,"href":"https:\/\/vinasfm.com\/noticias\/wp-json\/wp\/v2\/users\/7"}],"replies":[{"embeddable":true,"href":"https:\/\/vinasfm.com\/noticias\/wp-json\/wp\/v2\/comments?post=131675"}],"version-history":[{"count":2,"href":"https:\/\/vinasfm.com\/noticias\/wp-json\/wp\/v2\/posts\/131675\/revisions"}],"predecessor-version":[{"id":131686,"href":"https:\/\/vinasfm.com\/noticias\/wp-json\/wp\/v2\/posts\/131675\/revisions\/131686"}],"wp:featuredmedia":[{"embeddable":true,"href":"https:\/\/vinasfm.com\/noticias\/wp-json\/wp\/v2\/media\/131534"}],"wp:attachment":[{"href":"https:\/\/vinasfm.com\/noticias\/wp-json\/wp\/v2\/media?parent=131675"}],"wp:term":[{"taxonomy":"category","embeddable":true,"href":"https:\/\/vinasfm.com\/noticias\/wp-json\/wp\/v2\/categories?post=131675"},{"taxonomy":"post_tag","embeddable":true,"href":"https:\/\/vinasfm.com\/noticias\/wp-json\/wp\/v2\/tags?post=131675"}],"curies":[{"name":"wp","href":"https:\/\/api.w.org\/{rel}","templated":true}]}}