{"id":131671,"date":"2024-01-18T08:20:55","date_gmt":"2024-01-18T11:20:55","guid":{"rendered":"https:\/\/vinasfm.com\/noticias\/?p=131671"},"modified":"2024-01-19T10:21:01","modified_gmt":"2024-01-19T13:21:01","slug":"entregaron-arboles-para-forestar-el-barrio-malvinas-argentinas","status":"publish","type":"post","link":"https:\/\/vinasfm.com\/noticias\/entregaron-arboles-para-forestar-el-barrio-malvinas-argentinas\/","title":{"rendered":"ENTREGARON \u00c1RBOLES PARA FORESTAR EL BARRIO MALVINAS ARGENTINAS"},"content":{"rendered":"<p><span style=\"color: #000000;\"><strong>El \u00c1rea de Gesti\u00f3n Ambiental de la comuna de General Alvear trabaja en un plan de forestaci\u00f3n que incluye la entrega de \u00e1rboles en distintos barrios de la ciudad y la capacitaci\u00f3n de los vecinos acerca de sus cuidados.<\/strong><\/span><\/p>\n<p><span style=\"color: #000000;\">Se trata de un convenio entre la Direcci\u00f3n de Recursos Naturales de la Provincia y la Municipalidad, donde se reparten numerosas especies con el objetivo de fomentar el arbolado p\u00fablico y concientizar sobre el cuidado de los mismos.<\/span><\/p>\n<p><span style=\"color: #000000;\">En este caso la entrega fue en el barrio Malvinas Argentinas III. Para eso se realiz\u00f3 un relevamiento antes de la entrega a los vecinos. Tambi\u00e9n se explic\u00f3 que el enfoque est\u00e1 en educar sobre la importancia de realizar una correcta plantaci\u00f3n y crear nichos ecol\u00f3gicos para evitar problemas futuros.<\/span><\/p>\n<p><span style=\"color: #000000;\">Las plantas son especies t\u00edpicas de arbolado p\u00fablico y se guardan en macetas de hierro durante la \u00e9poca en la que no se puede plantar.<\/span><\/p>\n<p><span style=\"color: #000000;\"><strong><em>\u201cTen\u00edamos un pedido de los vecinos del barrio Malvinas III, hay unas 30 viviendas que todav\u00eda no tienen la forestaci\u00f3n, nos hicieron el pedido y en conjunto con Recursos Naturales, que somos las dos \u00e1reas que manejamos el vivero de Recursos Naturales, hicimos un relevamiento, porque tenemos un pedido de unas 60 o 70 plantas\u201d<\/em><\/strong>, dijo Denis Rabanal asesor de Gesti\u00f3n Ambiental.<\/span><\/p>\n<p><span style=\"color: #000000;\">Las especias entregadas son: fresno europeo, fresno americano, mora y para\u00edso. Rabanal aclar\u00f3 que no es \u00e9poca de plantar \u00e1rboles <strong><em>\u201cpero lo que siempre hacemos en el vivero es guardamos una determinada cantidad de forestales en macetas de hierro. Entonces en este momento, que no estamos en \u00e9poca, lo que se hace es romper la base de la maceta, no se saca la planta, cosa de no da\u00f1ar el pan de tierra, se rompe la base y se entierra la planta. Entonces la ra\u00edz puede empezar a crecer porque ya le sacamos la base y a futuro esa maceta de hierro se empieza a degradar y le aporta hierro a la planta\u201d<\/em><\/strong>, termin\u00f3.<\/span><\/p>\n","protected":false},"excerpt":{"rendered":"<p>El \u00c1rea de Gesti\u00f3n Ambiental de la comuna de General Alvear trabaja en un plan de forestaci\u00f3n que incluye la entrega &#8230;<\/p>\n","protected":false},"author":7,"featured_media":131674,"comment_status":"open","ping_status":"open","sticky":false,"template":"","format":"standard","meta":{"footnotes":""},"categories":[5,192],"tags":[],"class_list":["post-131671","post","type-post","status-publish","format-standard","has-post-thumbnail","hentry","category-actualidad","category-gestion-ambiental"],"_links":{"self":[{"href":"https:\/\/vinasfm.com\/noticias\/wp-json\/wp\/v2\/posts\/131671","targetHints":{"allow":["GET"]}}],"collection":[{"href":"https:\/\/vinasfm.com\/noticias\/wp-json\/wp\/v2\/posts"}],"about":[{"href":"https:\/\/vinasfm.com\/noticias\/wp-json\/wp\/v2\/types\/post"}],"author":[{"embeddable":true,"href":"https:\/\/vinasfm.com\/noticias\/wp-json\/wp\/v2\/users\/7"}],"replies":[{"embeddable":true,"href":"https:\/\/vinasfm.com\/noticias\/wp-json\/wp\/v2\/comments?post=131671"}],"version-history":[{"count":1,"href":"https:\/\/vinasfm.com\/noticias\/wp-json\/wp\/v2\/posts\/131671\/revisions"}],"predecessor-version":[{"id":131672,"href":"https:\/\/vinasfm.com\/noticias\/wp-json\/wp\/v2\/posts\/131671\/revisions\/131672"}],"wp:featuredmedia":[{"embeddable":true,"href":"https:\/\/vinasfm.com\/noticias\/wp-json\/wp\/v2\/media\/131674"}],"wp:attachment":[{"href":"https:\/\/vinasfm.com\/noticias\/wp-json\/wp\/v2\/media?parent=131671"}],"wp:term":[{"taxonomy":"category","embeddable":true,"href":"https:\/\/vinasfm.com\/noticias\/wp-json\/wp\/v2\/categories?post=131671"},{"taxonomy":"post_tag","embeddable":true,"href":"https:\/\/vinasfm.com\/noticias\/wp-json\/wp\/v2\/tags?post=131671"}],"curies":[{"name":"wp","href":"https:\/\/api.w.org\/{rel}","templated":true}]}}