{"id":131657,"date":"2024-01-17T10:17:19","date_gmt":"2024-01-17T13:17:19","guid":{"rendered":"https:\/\/vinasfm.com\/noticias\/?p=131657"},"modified":"2024-01-18T08:51:41","modified_gmt":"2024-01-18T11:51:41","slug":"seguridad-el-plan-de-la-ministra-rus-para-absorber-a-los-municipios-ya-esta-en-marcha","status":"publish","type":"post","link":"https:\/\/vinasfm.com\/noticias\/seguridad-el-plan-de-la-ministra-rus-para-absorber-a-los-municipios-ya-esta-en-marcha\/","title":{"rendered":"SEGURIDAD: EL PLAN DE LA MINISTRA RUS PARA \u00abABSORBER\u00bb A LOS MUNICIPIOS YA EST\u00c1 EN MARCHA"},"content":{"rendered":"<h4><strong>El ministerio de Seguridad y Justicia inici\u00f3 una ronda de consultas con los jefes del \u00e1rea de cada municipio. Los primeros en hacerlo fueron Las Heras, Luj\u00e1n, Guaymall\u00e9n y San Mart\u00edn.<\/strong><\/h4>\n<p>La ministra de Seguridad y Justicia,\u00a0<b>Mercedes Rus<\/b>, puso en marcha su plan de trabajo con los municipios a trav\u00e9s de una ronda de consultas entre su jefe de gabinete,\u00a0<b>Hugo S\u00e1nchez<\/b>, y los directores del\u00a0<b>\u00e1rea de seguridad municipales<\/b>. Luego de esta instancia, habr\u00e1\u00a0<b>c\u00f3nclave entre la exsenadora provincial y los intendentes<\/b>.<\/p>\n<p>Desde la cartera tom\u00f3 fuerza la b\u00fasqueda de\u00a0<b>\u201ccompromiso\u201d<\/b>\u00a0de los municipios con la seguridad. Primero con la puesta en valor de la funci\u00f3n de los<b>\u00a0preventores\u00a0<\/b>como \u201cprimer anillo\u201d de contenci\u00f3n ciudadana, con exigencia de por medio para aquellos que no los tienen.<\/p>\n<p>Posteriormente, el subsecretario de Tecnolog\u00eda Aplicada a la Seguridad,\u00a0<b>Leandro Biskupovich<\/b>, le inform\u00f3 a Los Andes que el plan de involucramiento municipal, incluye la<a href=\"https:\/\/www.losandes.com.ar\/politica\/alarmas-comunitarias-estaran-conectadas-al-911\/\" target=\"_blank\" rel=\"noopener\">\u00a0incorporaci\u00f3n de las<b>\u00a0alarmas comunitarias<\/b><\/a><b>\u00a0<\/b>y las<b>\u00a0c\u00e1maras de videovigilancia<\/b>\u00a0municipales al\u00a0<b>Centro Estrat\u00e9gico de Operaciones (CEO) del 911<\/b>, con la promesa de inversi\u00f3n para mejorarlo.<\/p>\n<p>La ministra comenz\u00f3 a delinear su estrategia de seguridad con los jefes de las distritales policiales y desde el jueves pasado, su jefe de gabinete tom\u00f3 la posta para reunirse uno por uno por uno con los directores de seguridad de los departamentos.<\/p>\n<p>\u201cYa se han realizado reuniones con las \u00e1reas de seguridad de los municipios de\u00a0<b>Las Heras, Luj\u00e1n, San Mart\u00edn y Guaymall\u00e9n.\u00a0<\/b>Adem\u00e1s, tenemos conversaciones diarias con todos los departamentos. En el caso de Capital siempre se estuvo en contacto\u201d, confi\u00f3 la ministra Rus a<i>\u00a0<\/i><i><b>Los Andes<\/b><\/i><i>\u00a0<\/i>y dijo que solo faltan las reuniones formales entre ella y los intendentes.<\/p>\n<p>\u201cSe est\u00e1 trabajando muy bien con los municipios y se\u00a0<b>est\u00e1 avanzando en el di\u00e1logo con los que a\u00fan falta reunirse\u201d<\/b>, indicaron.<\/p>\n<p>La\u00a0<b>Municipalidad de Las Heras\u00a0<\/b>fue la primera en reunirse con el equipo de Rus el pasado 27 de diciembre. El jefe de gabinete\u00a0<b>Hugo S\u00e1nchez<\/b>\u00a0recibi\u00f3 al intendente\u00a0<b>Francisco Lo Presti\u00a0<\/b>y el secretario de Seguridad,<b>\u00a0Fabi\u00e1n Tello<\/b>, para presentarse oficialmente y empezar a coordinar acciones en conjunto.<\/p>\n<p>Los dirigentes lasherinos le informaron al ministerio que cuentan con un\u00a0<b>centenar de preventores\u00a0<\/b>y apuntan a duplicarlos, capacitando a trabajadores de otras \u00e1reas d\u00f3nde abunda personal, para que sean\u00a0<b>reacomodados en esa funci\u00f3n.<\/b><\/p>\n<p>\u201cLa idea es trabajar en conjunto y coordinar acciones. Una de esas fue<b>\u00a0el operativo que llevamos adelante el viernes pasado<\/b>\u201d, cont\u00f3 Tello a\u00a0<i><b>Los Andes<\/b><\/i>. Se trat\u00f3 de una charla cordial, a la espera de la reuni\u00f3n con Rus.<\/p>\n<p>Por el lado de\u00a0<b>Luj\u00e1n<\/b>, el enviado del intendente<b>\u00a0Esteban Allasino<\/b>\u00a0fue el subsecretario de Seguridad Vial y Convivencia Ciudadana,\u00a0<b>H\u00e9ctor Garz\u00f3n<\/b>, qui\u00e9n llev\u00f3 el pasado jueves al ministerio una serie de inquietudes tales como refuerzos policiales en la<b>\u00a0zona de Cacheuta<\/b>\u00a0y el circuito de bodegas, por la alta demanda tur\u00edstica.<\/p>\n<p>El funcionario municipal tambi\u00e9n le present\u00f3 al jefe de gabinete, Hugo S\u00e1nchez, el proyecto de\u00a0<b>Ojos en Alerta<\/b>, similar al que implementa Capital. Y tambi\u00e9n le inform\u00f3 acerca del plan de las\u00a0<b>\u201cparadas seguras\u201d<\/b>, que consiste en la\u00a0<b>instalaci\u00f3n de t\u00f3tems con c\u00e1maras y botones de p\u00e1nico<\/b>, recubiertos con protecci\u00f3n antivand\u00e1licas. El inicio del proyecto implica abarcar 14 paradas de colectivo en zonas estrat\u00e9gicas.<b>\u00a0\u201cLe pareci\u00f3 fant\u00e1stico al jefe de gabinete\u201d,<\/b>\u00a0indicaron desde Luj\u00e1n.<\/p>\n<p>Desde Seguridad los pusieron al tanto sobre la idea de concentrar las alarmas comunitarias y las c\u00e1maras de seguridad al 911, una idea que le parece bien al municipio. \u201cLa ministra dej\u00f3 entrever que quiere integrar a los municipios y<b>\u00a0absorber esas estructuras para hacerlas depender del 911 y no est\u00e1 mal<\/b>\u201d, consideraron desde el gabinete lujanino.<\/p>\n<p>Por otro lado, aseguran que el tema preventores no fue parte de la reuni\u00f3n y aqu\u00ed aparecen los reparos, porque \u201c<b>se necesita recurso humano y hoy el Estado tiende a reducirse<\/b>\u201d, explican. Sin embargo, creen que parte del cuerpo de agentes de tr\u00e1nsito podr\u00eda colaborar en la \u201creacci\u00f3n\u201d de la primera etapa del programa de paradas seguras.<\/p>\n<p>Ante la consulta de Los Andes, desde<b>\u00a0la Municipalidad de Guaymall\u00e9n\u00a0<\/b>se limitaron a decir que la reuni\u00f3n se trat\u00f3 de un\u00a0<b>\u201cdi\u00e1logo informal\u201d<\/b>\u00a0y que esperan el encuentro entre ministra e intendente.<\/p>\n<p>En tanto que la\u00a0<b>Municipalidad de San Mart\u00edn<\/b>\u00a0le present\u00f3 los siguientes temas a Hugo S\u00e1nchez: prevenci\u00f3n del delito en zonas rurales, control biom\u00e9trico en adultos j\u00f3venes y la posibilidad de mayor presencia policial en las calles. \u201cLa comuna ha venido colaborando, a su vez, con m\u00f3viles (0 km) a cargo de preventores comunales y alarmas comunitarias\u201d, manifest\u00f3 un vocero.<\/p>\n<p>Por \u00faltimo, desde Seguridad manifestaron que tienen un contacto permanente con la\u00a0<b>Municipalidad de Ciudad<\/b>, m\u00e1s all\u00e1 de que no se hayan reunido formalmente. El primer trabajo coordinado fue la marcha piquetera del 20 de diciembre.<\/p>\n<h2 class=\"\">LA POL\u00c9MICA DE LOS PREVENTORES<\/h2>\n<p>La ministra Rus arranc\u00f3 la gesti\u00f3n con un llamado a los intendentes del Gran Mendoza a comprometerse con la seguridad. \u201c<b>Miran para otro lado\u201d<\/b>, dijo en entrevista con\u00a0<i>Los Andes<\/i>, y sum\u00f3 despu\u00e9s la invitaci\u00f3n a\u00a0<b>\u201ctrabajar en equipo\u201d.<\/b><\/p>\n<p>Es que\u00a0<a href=\"https:\/\/www.losandes.com.ar\/politica\/solo-tres-comunas-del-gran-mendoza-cuentan-con-preventores-para-la-seguridad\/\" target=\"_blank\" rel=\"noopener\">solo tres departamentos<\/a>\u00a0de los seis del Gran Mendoza tienen cuerpos de preventores y la ministra destac\u00f3 puntualmente el trabajo de\u00a0<b>Capital<\/b>, dejando al margen a\u00a0<b>Maip\u00fa y Las Heras<\/b>, que tambi\u00e9n los tienen.<\/p>\n<p>Desde la comuna de\u00a0<b>Mat\u00edas Stevanato<\/b>\u00a0lo interpretaron como \u201c<b>no asumir las responsabilidades propias de gesti\u00f3n que tiene el Ministerio de Seguridad<\/b>\u201d, mientras que el intendente\u00a0<b>Francisco Lo Presti<\/b>\u00a0se puso a disposici\u00f3n a \u201cinvolucrarse fuertemente en el tema de seguridad, articulando y generando la sinergia de trabajo necesaria con la Polic\u00eda de Mendoza\u201d.<\/p>\n<p>Mientras que el intendente de\u00a0<b>Godoy Cruz<\/b>, del mismo color pol\u00edtico que Rus, descart\u00f3 la exigencia.\u00a0<b>Diego Costarelli\u00a0<\/b>respondi\u00f3 en\u00a0<a href=\"https:\/\/www.losandes.com.ar\/politica\/diego-costarelli-debemos-ir-hacia-una-nueva-ley-de-coparticipacion\/\" target=\"_blank\" rel=\"noopener\">una nota con Los Andes<\/a>: \u201c<b>Estoy dispuesto a colaborar y trabajar en forma conjunta pero no para agrandar el gasto municipal\u201d<\/b>.<\/p>\n<p>Luego de estas cr\u00edticas, qui\u00e9n sali\u00f3 a respaldar a Rus fue el intendente de Ciudad,\u00a0<a href=\"https:\/\/www.losandes.com.ar\/politica\/seguridad-el-intendente-de-capital-respaldo-una-convocatoria-de-la-ministra-rus\/\" target=\"_blank\" rel=\"noopener\"><b>Ulpiano Su\u00e1rez<\/b><\/a><b>.<\/b>\u00a0\u201cCelebro la iniciativa de la ministra de Seguridad y Justicia Mercedes Rus de convocar a los intendentes en la lucha contra la inseguridad\u201d, public\u00f3 en sus redes sociales.<\/p>\n<p>Y agreg\u00f3: \u201cEs necesario abordar la agenda de la seguridad con una visi\u00f3n metropolitana, porque la inseguridad nos afecta a todos y\u00a0<b>no distingue l\u00edmites departamentales<\/b>\u201d.<\/p>\n<p>\u201cLa din\u00e1mica del Gran Mendoza requiere de una estrategia com\u00fan, de que\u00a0<b>nos involucremos\u00a0<\/b>y del trabajo en equipo contra el delito. All\u00ed estaremos a disposici\u00f3n para trabajar\u201d, complet\u00f3 Su\u00e1rez.<\/p>\n<h2 class=\"\">ALARMAS COMUNITARIAS AL 911<\/h2>\n<p>El subsecretario de Tecnolog\u00eda Aplicada a la Seguridad,\u00a0<b>Leandro Biskupovich<\/b>, anunci\u00f3 en contacto con Los Andes que integrar\u00e1n las\u00a0<b>alarmas comunitarias<\/b>\u00a0al sistema CEO del 911.<\/p>\n<p>\u201cSi un municipio tiene una alarma comunitaria y un vecino activa ese bot\u00f3n de p\u00e1nico, nosotros en el CEO inmediatamente vamos a tener la informaci\u00f3n de qu\u00e9 es lo que pas\u00f3, ad\u00f3nde y a qui\u00e9n, para disponer de los recursos lo m\u00e1s r\u00e1pido posible\u201d, sostuvo.<\/p>\n<p>Hoy por hoy esa comunicaci\u00f3n se da\u00a0<b>entre el vecino, al municipio y luego al CEO<\/b>. Entonces buscan\u00a0<b>eliminar ese filtro<\/b>\u00a0para que el sistema est\u00e9 integrado al 100% al 911 y \u201cno haya ning\u00fan error humano en el medio\u201d, ni demoras en el aviso.<\/p>\n<p>Para convencer a los intendentes<b>\u00a0elaborar\u00e1n un protocolo de integraci\u00f3n<\/b>, que se lo dejar\u00e1n a su disposici\u00f3n, ya que es una decisi\u00f3n que deben tomar ellos y no el ministerio puntualmente.<\/p>\n","protected":false},"excerpt":{"rendered":"<p>El ministerio de Seguridad y Justicia inici\u00f3 una ronda de consultas con los jefes del \u00e1rea de cada municipio. Los primeros &#8230;<\/p>\n","protected":false},"author":7,"featured_media":131659,"comment_status":"open","ping_status":"open","sticky":false,"template":"","format":"standard","meta":{"footnotes":""},"categories":[5,33],"tags":[],"class_list":["post-131657","post","type-post","status-publish","format-standard","has-post-thumbnail","hentry","category-actualidad","category-seguridad"],"_links":{"self":[{"href":"https:\/\/vinasfm.com\/noticias\/wp-json\/wp\/v2\/posts\/131657","targetHints":{"allow":["GET"]}}],"collection":[{"href":"https:\/\/vinasfm.com\/noticias\/wp-json\/wp\/v2\/posts"}],"about":[{"href":"https:\/\/vinasfm.com\/noticias\/wp-json\/wp\/v2\/types\/post"}],"author":[{"embeddable":true,"href":"https:\/\/vinasfm.com\/noticias\/wp-json\/wp\/v2\/users\/7"}],"replies":[{"embeddable":true,"href":"https:\/\/vinasfm.com\/noticias\/wp-json\/wp\/v2\/comments?post=131657"}],"version-history":[{"count":1,"href":"https:\/\/vinasfm.com\/noticias\/wp-json\/wp\/v2\/posts\/131657\/revisions"}],"predecessor-version":[{"id":131658,"href":"https:\/\/vinasfm.com\/noticias\/wp-json\/wp\/v2\/posts\/131657\/revisions\/131658"}],"wp:featuredmedia":[{"embeddable":true,"href":"https:\/\/vinasfm.com\/noticias\/wp-json\/wp\/v2\/media\/131659"}],"wp:attachment":[{"href":"https:\/\/vinasfm.com\/noticias\/wp-json\/wp\/v2\/media?parent=131657"}],"wp:term":[{"taxonomy":"category","embeddable":true,"href":"https:\/\/vinasfm.com\/noticias\/wp-json\/wp\/v2\/categories?post=131657"},{"taxonomy":"post_tag","embeddable":true,"href":"https:\/\/vinasfm.com\/noticias\/wp-json\/wp\/v2\/tags?post=131657"}],"curies":[{"name":"wp","href":"https:\/\/api.w.org\/{rel}","templated":true}]}}