{"id":131650,"date":"2024-01-17T09:46:53","date_gmt":"2024-01-17T12:46:53","guid":{"rendered":"https:\/\/vinasfm.com\/noticias\/?p=131650"},"modified":"2024-01-18T08:34:03","modified_gmt":"2024-01-18T11:34:03","slug":"alvear-se-dejo-de-birlar-nuevamente-la-direccion-de-ganaderia","status":"publish","type":"post","link":"https:\/\/vinasfm.com\/noticias\/alvear-se-dejo-de-birlar-nuevamente-la-direccion-de-ganaderia\/","title":{"rendered":"ALVEAR SE DEJO BIRLAR NUEVAMENTE LA DIRECCI\u00d3N DE GANADER\u00cdA"},"content":{"rendered":"<h4><strong>Rodolfo Vargas Arizu<\/strong>, el ministro de Producci\u00f3n,<strong>\u00a0design\u00f3 al equipo que estar\u00e1 al frente de las tres subsecretar\u00edas del ministerio<\/strong>.\u00a0<strong>Alberto Marengo<\/strong>\u00a0estar\u00e1 al frente de la Subsecretar\u00eda de Industria Comercio y Log\u00edstica,<strong>\u00a0Emilce Vega Espinoza<\/strong>\u00a0tendr\u00e1 a su cargo la Subsecretar\u00eda de Empleo y Capacitaci\u00f3n, y\u00a0<strong>Sergio Moralejo<\/strong>\u00a0continuar\u00e1 a cargo de la Subsecretar\u00eda de Agricultura y Ganader\u00eda.<\/h4>\n<article class=\"article-body\">\n<div class=\"article-content\">\n<div class=\"cuerpo\" data-twitter-link=\"\">\n<p>En el comunicado oficial aseguraron este martes que habr\u00e1 \u00ab<strong>fusi\u00f3n de \u00e1reas y simplificaci\u00f3n de tareas y funciones<\/strong>\u00bb y adem\u00e1s que el ministro conform\u00f3 un equipo que integra experiencia en la gesti\u00f3n p\u00fablica y nuevos funcionarios con un destacado desempe\u00f1o en la actividad privada.<\/p>\n<p>Seg\u00fan la nueva Ley de Ministerios, dentro de la cartera se encuentran como\u00a0<strong>organismos relacionados<\/strong>, el\u00a0<strong>Instituto de Sanidad y Calidad Agropecuaria Mendoza<\/strong>\u00a0(Iscamen),\u00a0<strong>Aeron\u00e1utica de Mendoza Sociedad An\u00f3nima<\/strong>\u00a0(Aemsa),\u00a0<strong>Instituto de Desarrollo Rural<\/strong>\u00a0(IDR),\u00a0<strong>Instituto de Desarrollo Comercial\u00a0<\/strong>(IDC),\u00a0<strong>Instituto de Desarrollo Industrial<\/strong>,\u00a0<strong>Tecnol\u00f3gico y Servicios<\/strong>\u00a0(IDITS) y\u00a0<strong>Ente Mendoza Turismo\u00a0<\/strong>(Emetur). Adem\u00e1s, se vincula tambi\u00e9n con el\u00a0<strong>Instituto Argentino de Investigaciones de Zonas \u00c1ridas<\/strong>\u00a0(Iadiza) y la\u00a0<strong>Comisi\u00f3n Nacional de Sanidad Animal Mendoza<\/strong>\u00a0(Coprosamen).<\/p>\n<h2><strong>El Gabinete del Ministerio de Producci\u00f3n<\/strong><\/h2>\n<h3><strong>Alberto Marengo estar\u00e1 al frente de la Subsecretar\u00eda de Industria Comercio y Log\u00edstica<\/strong><\/h3>\n<p>Marengo tiene 44 a\u00f1os y es licenciado en Comercio Internacional, director ejecutivo de la Fundaci\u00f3n de la Universidad Nacional de Cuyo (FUNC), y gerente general de Asinmet (Asociaci\u00f3n de Industriales Metal\u00fargicos de Mendoza).<\/p>\n<p>Adem\u00e1s, es docente en las Facultades de Ciencias Agrarias y Ciencias Econ\u00f3micas, de la Universidad Nacional de Cuyo.<\/p>\n<p><strong>Directora de Emprendedores y Cooperativas: Andrea Nallim (50 a\u00f1os)<\/strong><\/p>\n<p>Es licenciada en Administraci\u00f3n de Empresas y m\u00e1ster in International Business de la Management Business School de Grenoble, Francia.<\/p>\n<p>Adem\u00e1s es docente en la Facultad de Ciencias Econ\u00f3micas y Jur\u00eddicas de la Universidad del Aconcagua; es cofundadora de la empresa Reciclarg Recycling Technology, especializada en el reciclaje y la reutilizaci\u00f3n de residuos electr\u00f3nicos, por lo que implementa el modelo de econom\u00eda circular en la gesti\u00f3n de los residuos. Andrea tambi\u00e9n es especialista en residuos electr\u00f3nicos y cofundadora de redes de mujeres B en Mendoza, tambi\u00e9n participa de la Red de Equidad para la Autonom\u00eda Econ\u00f3mica de las Mujeres. Gan\u00f3 el premio Green Women Business Award, UNCTAD 2016, otorgado en Kenia por las Naciones Unidas dentro del marco del World Economic Forum.<\/p>\n<p>Es licenciada en Econom\u00eda egresada de la Universidad Nacional de Cuyo. Realiz\u00f3 la Maestr\u00eda en Finanzas P\u00fablicas Provinciales y Municipales de la Universidad Nacional de La Plata. Se ha desempe\u00f1ado como subsecretaria de Hacienda del Ministerio de Hacienda y Finanzas desde 2020 y como directora general de Presupuesto (2006-2007 y 2019-2020). Tiene experiencia en las finanzas p\u00fablicas por su desempe\u00f1o profesional en cargos relacionados con la ejecuci\u00f3n del gasto p\u00fablico, tanto en los \u00e1mbitos provincial, municipal y legislativo como tambi\u00e9n en el Banco Central de la Rep\u00fablica Argentina.<\/p>\n<p><strong>Director de Fiscalizaci\u00f3n, Control y Tecnolog\u00eda Agroindustrial: Leandro Rold\u00e1n (40 a\u00f1os)<\/strong><\/p>\n<p>Es licenciado en Comercio Internacional, de la Universidad Champagnat; gerente de la C\u00e1mara de la Fruta Industrializada de Mendoza (CAFIM); coordinador del \u00c1rea de Innovaci\u00f3n de la Universidad Nacional de Cuyo y docente en la Facultad de Ciencias Econ\u00f3micas de esa misma Alta Casa de Estudios.<\/p>\n<p><strong>Agencia Mendocina de Innovaci\u00f3n, Ciencia y Tecnolog\u00eda: Federico Mor\u00e1bito (44 a\u00f1os)<\/strong><\/p>\n<p>Es licenciado en Econom\u00eda, egresado de la Facultad de Ciencias Econ\u00f3micas de la UNCuyo. Es docente en la Universidad del Aconcagua. Continuar\u00e1 en la gesti\u00f3n dentro de la agencia de Innovaci\u00f3n, Ciencia y Tecnolog\u00eda.<\/p>\n<h3><strong>Emilce Vega Espinoza es la responsable de la Subsecretar\u00eda de Empleo y Capacitaci\u00f3n<\/strong><\/h3>\n<p>Emilce tiene 37 a\u00f1os y es Licenciada en Sociolog\u00eda, egresada de la Facultad de Ciencias Pol\u00edticas y Sociales de la Universidad Nacional de Cuyo, especialista en gesti\u00f3n social se desempe\u00f1\u00f3 desde 2015 a 2019 en el Ministerio de Trabajo, Empleo y Seguridad Social de la Naci\u00f3n, como gerente de empleo en Mendoza y luego Directora de la Regi\u00f3n Cuyo (Mendoza, San Luis, San Juan y La Rioja). Se desempe\u00f1\u00f3 en la direcci\u00f3n General de Empleo y capacitaci\u00f3n desde el 2019. Vega Espinoza contin\u00faa de la gesti\u00f3n anterior.<\/p>\n<p><strong>Direcci\u00f3n de Empleo y Desarrollo Empresarial: Malena Carricondo (26 a\u00f1os)<\/strong><\/p>\n<p>Es t\u00e9cnica en Administraci\u00f3n y Gesti\u00f3n de pol\u00edticas p\u00fablicas. Trabaj\u00f3 en la Secretar\u00eda de Trabajo y Empleo de la Naci\u00f3n desde el 2016 hasta el 2020.<\/p>\n<h3><strong>Sergio Moralejo contin\u00faa a cargo de la Subsecretar\u00eda de Agricultura y Ganader\u00eda<\/strong><\/h3>\n<p>El funcionario de 59 a\u00f1os contin\u00faa en su gesti\u00f3n. Fue tambi\u00e9n Subsecretario de Industria y Comercio del Ministerio de Econom\u00eda, Infraestructura y Energ\u00eda de 2018 a 2019; Director del Fondo para la Transformaci\u00f3n y Crecimiento (2016-2018); y Senador Provincial durante dos per\u00edodos, 2007 al 2015, donde presidi\u00f3 las comisiones de Econom\u00eda y Hacienda.<\/p>\n<p><strong>Director de Agricultura: Alfredo Draque (44 a\u00f1os)<\/strong><\/p>\n<p>Es ingeniero Agr\u00f3nomo. Docente de la Facultad de Ciencias Agrarias de la Universidad Nacional de Cuyo y se desempe\u00f1a en la actividad privada, en el sector vitivin\u00edcola y frut\u00edcola.<\/p>\n<p><strong>Director de Ganader\u00eda: Alfredo Roberto R\u00edos (64 a\u00f1os)<\/strong><\/p>\n<p>Es presidente del Cl\u00faster Ganadero de Mendoza y vicepresidente 2\u00ba de la C\u00e1mara de Comercio, Agricultura y Ganader\u00eda de San Rafael. Tambi\u00e9n miembro de CREA.<\/p>\n<p><strong>Director de Contingencias Clim\u00e1ticas: Julio Eluani (59 a\u00f1os)<\/strong><\/p>\n<p>Contin\u00faa su gesti\u00f3n. Es licenciado en Administraci\u00f3n de la Facultad de Ciencias Econ\u00f3micas de la UNCuyo.<\/p>\n<p><strong>Jefe de Gabinete: Gustavo Barachini (64 a\u00f1os)<\/strong><\/p>\n<p>Es ingeniero Electromec\u00e1nico, se desempe\u00f1a en la actividad privada y es fundador junto al ministro Vargas Arizu, del espacio Activ\u00e1 Mendoza.<\/p>\n<p><strong>Direcci\u00f3n General de Desarrollo Productivo: Mauricio Pinti Clop (34 a\u00f1os)<\/strong><\/p>\n<p>Es licenciado en Econom\u00eda, egresado de la Universidad del Aconcagua. Especializado en Mercado de capitales reconocido por PRO.DI.BUR. Docente y profesor en la Universidad de Mendoza. Se desempe\u00f1\u00f3 como concejal y fue presidente del Concejo Deliberante de Maip\u00fa. Adem\u00e1s, es miembro de la empresa familiar Pyme, ligada al transporte y servicios petroleros.<\/p>\n<p><strong>Coordinador General y Planificaci\u00f3n Estrat\u00e9gica: Marcelo Japaz<\/strong><\/p>\n<p>Contin\u00faa en su gesti\u00f3n. Se desempe\u00f1\u00f3 tambi\u00e9n como Jefe de Gabinete del Ministerio de Econom\u00eda, Infraestructura y Energ\u00eda (2015-2017), y del Ministerio de Gobierno (2018-2019), del Gobierno de Mendoza.<\/p>\n<p><strong>Directora General de Administraci\u00f3n: Sandra Tennerini (57)<\/strong><\/p>\n<p>Es licenciada en Econom\u00eda, egresada de la Facultad de Ciencias Econ\u00f3micas de la UNCuyo. Se desempe\u00f1\u00f3 como directora general de Administraci\u00f3n del Ministerio de Salud, Desarrollo Social y Deportes de la Provincia de Mendoza (2020-2023); Subsecretar\u00eda de Administraci\u00f3n del Ministerio de Econom\u00eda, Infraestructura y Energ\u00eda del Gobierno (2017-2019). Tambi\u00e9n es docente en la Facultad de Ciencias Empresariales de la Universidad Champagnat.<\/p>\n<p><strong>Director de Asuntos Jur\u00eddicos: Efra\u00edn Quevedo Mendoza,<\/strong>\u00a0que contin\u00faa en la gesti\u00f3n.<\/p>\n<p>&nbsp;<\/p>\n<\/div>\n<\/div>\n<\/article>\n<article class=\"article-body third-p\">\n<div class=\"article-content\">\n<div class=\"cuerpo\" data-twitter-link=\"\"><\/div>\n<\/div>\n<\/article>\n","protected":false},"excerpt":{"rendered":"<p>Rodolfo Vargas Arizu, el ministro de Producci\u00f3n,\u00a0design\u00f3 al equipo que estar\u00e1 al frente de las tres subsecretar\u00edas del ministerio.\u00a0Alberto Marengo\u00a0estar\u00e1 al &#8230;<\/p>\n","protected":false},"author":7,"featured_media":131651,"comment_status":"open","ping_status":"open","sticky":false,"template":"","format":"standard","meta":{"footnotes":""},"categories":[5,10],"tags":[],"class_list":["post-131650","post","type-post","status-publish","format-standard","has-post-thumbnail","hentry","category-actualidad","category-destacadas"],"_links":{"self":[{"href":"https:\/\/vinasfm.com\/noticias\/wp-json\/wp\/v2\/posts\/131650","targetHints":{"allow":["GET"]}}],"collection":[{"href":"https:\/\/vinasfm.com\/noticias\/wp-json\/wp\/v2\/posts"}],"about":[{"href":"https:\/\/vinasfm.com\/noticias\/wp-json\/wp\/v2\/types\/post"}],"author":[{"embeddable":true,"href":"https:\/\/vinasfm.com\/noticias\/wp-json\/wp\/v2\/users\/7"}],"replies":[{"embeddable":true,"href":"https:\/\/vinasfm.com\/noticias\/wp-json\/wp\/v2\/comments?post=131650"}],"version-history":[{"count":2,"href":"https:\/\/vinasfm.com\/noticias\/wp-json\/wp\/v2\/posts\/131650\/revisions"}],"predecessor-version":[{"id":131654,"href":"https:\/\/vinasfm.com\/noticias\/wp-json\/wp\/v2\/posts\/131650\/revisions\/131654"}],"wp:featuredmedia":[{"embeddable":true,"href":"https:\/\/vinasfm.com\/noticias\/wp-json\/wp\/v2\/media\/131651"}],"wp:attachment":[{"href":"https:\/\/vinasfm.com\/noticias\/wp-json\/wp\/v2\/media?parent=131650"}],"wp:term":[{"taxonomy":"category","embeddable":true,"href":"https:\/\/vinasfm.com\/noticias\/wp-json\/wp\/v2\/categories?post=131650"},{"taxonomy":"post_tag","embeddable":true,"href":"https:\/\/vinasfm.com\/noticias\/wp-json\/wp\/v2\/tags?post=131650"}],"curies":[{"name":"wp","href":"https:\/\/api.w.org\/{rel}","templated":true}]}}