{"id":131526,"date":"2024-01-12T08:17:58","date_gmt":"2024-01-12T11:17:58","guid":{"rendered":"https:\/\/vinasfm.com\/noticias\/?p=131526"},"modified":"2024-01-13T09:07:44","modified_gmt":"2024-01-13T12:07:44","slug":"rapida-evolucion-con-tecnologia-en-la-agricultura-de-alvear","status":"publish","type":"post","link":"https:\/\/vinasfm.com\/noticias\/rapida-evolucion-con-tecnologia-en-la-agricultura-de-alvear\/","title":{"rendered":"R\u00c1PIDA EVOLUCI\u00d3N CON TECNOLOG\u00cdA EN LA AGRICULTURA DE ALVEAR"},"content":{"rendered":"<h4><strong>Un importante productor hort\u00edcola de nuestro departamento fue beneficiado con el Programa de Plantines de la Municipalidad, tiene su finca en calle 9, entre Ruta 188 y Centenario de Alvear Oeste y realiz\u00f3 significativa inversi\u00f3n en tecnolog\u00eda.<\/strong><\/h4>\n<p>&nbsp;<\/p>\n<p>Juan S\u00e1nchez productor de General Alvear recibi\u00f3 plantines de tomate, asimismo es asesorado sobre c\u00f3mo realizar el correcto cultivo y adem\u00e1s ingres\u00f3 a los cr\u00e9ditos en el Fondo para la Transformaci\u00f3n y el Crecimiento y Mendoza Activa.<\/p>\n<p>El Director de Innovaci\u00f3n, Agricultura, Ganader\u00eda y Faena Agust\u00edn Anzorena comunic\u00f3 <em><strong>\u201cEstamos realizando una recorrida de los productores que fueron beneficiados con el Programa de Plantines, debemos destacar que este productor ha realizado una importante inversi\u00f3n en tecnolog\u00eda y es por eso el gran desarrollo de la producci\u00f3n\u201d<\/strong><\/em>.<\/p>\n<p><em><strong>\u201cSabemos que son tiempos dif\u00edciles, pero hay herramientas, cr\u00e9ditos, programas de la provincia para que los productores inviertan, es quiz\u00e1s costoso pero los frutos se ven reflejados en las inversiones\u201d<\/strong><\/em> finaliz\u00f3 Anzorena<\/p>\n<p>Juan S\u00e1nchez productor hort\u00edcola dijo <em><strong>\u201cesta producci\u00f3n tiene 50 d\u00edas y es impresionante lo que ha avanzado gracias a la tecnolog\u00eda. Hace 3 a\u00f1os que estoy trabajando en este rubro y con una importante inversi\u00f3n en tecnolog\u00eda y buena agua cambia todo en la producci\u00f3n. En Alvear no todo en malo, con la ayuda de la municipalidad los productores podemos competir en el mercado\u201d<\/strong><\/em>.<\/p>\n<p>&nbsp;<\/p>\n","protected":false},"excerpt":{"rendered":"<p>Un importante productor hort\u00edcola de nuestro departamento fue beneficiado con el Programa de Plantines de la Municipalidad, tiene su finca en &#8230;<\/p>\n","protected":false},"author":7,"featured_media":131527,"comment_status":"open","ping_status":"open","sticky":false,"template":"","format":"standard","meta":{"footnotes":""},"categories":[5,10],"tags":[],"class_list":["post-131526","post","type-post","status-publish","format-standard","has-post-thumbnail","hentry","category-actualidad","category-destacadas"],"_links":{"self":[{"href":"https:\/\/vinasfm.com\/noticias\/wp-json\/wp\/v2\/posts\/131526","targetHints":{"allow":["GET"]}}],"collection":[{"href":"https:\/\/vinasfm.com\/noticias\/wp-json\/wp\/v2\/posts"}],"about":[{"href":"https:\/\/vinasfm.com\/noticias\/wp-json\/wp\/v2\/types\/post"}],"author":[{"embeddable":true,"href":"https:\/\/vinasfm.com\/noticias\/wp-json\/wp\/v2\/users\/7"}],"replies":[{"embeddable":true,"href":"https:\/\/vinasfm.com\/noticias\/wp-json\/wp\/v2\/comments?post=131526"}],"version-history":[{"count":1,"href":"https:\/\/vinasfm.com\/noticias\/wp-json\/wp\/v2\/posts\/131526\/revisions"}],"predecessor-version":[{"id":131528,"href":"https:\/\/vinasfm.com\/noticias\/wp-json\/wp\/v2\/posts\/131526\/revisions\/131528"}],"wp:featuredmedia":[{"embeddable":true,"href":"https:\/\/vinasfm.com\/noticias\/wp-json\/wp\/v2\/media\/131527"}],"wp:attachment":[{"href":"https:\/\/vinasfm.com\/noticias\/wp-json\/wp\/v2\/media?parent=131526"}],"wp:term":[{"taxonomy":"category","embeddable":true,"href":"https:\/\/vinasfm.com\/noticias\/wp-json\/wp\/v2\/categories?post=131526"},{"taxonomy":"post_tag","embeddable":true,"href":"https:\/\/vinasfm.com\/noticias\/wp-json\/wp\/v2\/tags?post=131526"}],"curies":[{"name":"wp","href":"https:\/\/api.w.org\/{rel}","templated":true}]}}