{"id":131515,"date":"2024-01-12T00:06:44","date_gmt":"2024-01-12T03:06:44","guid":{"rendered":"https:\/\/vinasfm.com\/noticias\/?p=131515"},"modified":"2024-01-13T08:57:01","modified_gmt":"2024-01-13T11:57:01","slug":"pablo-abalos-presidente-del-sport-club-argentino-hablo-sobre-los-incidentes-que-vivieron-en-villa-mercedes","status":"publish","type":"post","link":"https:\/\/vinasfm.com\/noticias\/pablo-abalos-presidente-del-sport-club-argentino-hablo-sobre-los-incidentes-que-vivieron-en-villa-mercedes\/","title":{"rendered":"PABLO ABALOS PRESIDENTE DEL SPORT CLUB ARGENTINO HABL\u00d3 SOBRE LOS INCIDENTES QUE VIVIERON EN VILLA MERCEDES"},"content":{"rendered":"<h4><strong>Luego del triunfo que logro el Sport Club Argentino, tanto el cuerpo t\u00e9cnico como los jugadores fueron agredidos f\u00edsicamente por jugadores e hinchas del equipo visitante Jorge Newbery.<\/strong><\/h4>\n<p>Lamentable situaci\u00f3n vivi\u00f3 el equipo alvearense luego de haber conseguido el pase a semifinales en el Regional Amateur. Por este motivo habl\u00f3 el Presidente del Sport Club Argentino<span style=\"color: #0000ff;\"><strong> Pablo Abalos: <em><span style=\"color: #000000;\">&#8216;<\/span><span style=\"color: #000000;\">muy<\/span><\/em><\/strong><\/span><em><strong> contentos por la clasificaci\u00f3n pero tristes por la situaci\u00f3n que vivimos&#8217;\u00a0\u00a0<\/strong><\/em>comenz\u00f3 relatando.<\/p>\n<p>Gran parte del plantel quedo golpeado al finalizar los 90 minutos del encuentro en tierras Mercedinas tanto as\u00ed que hasta los colectivos de La Academia quedaron destrozados:<em><strong> &#8216;los chicos est\u00e1n golpeados, primero que nada agradecer al Gobierno de San Luis que nos consigui\u00f3 La Pedrera para alojarnos gratuitamente. agradecidos por la gran atenci\u00f3n&#8217;<\/strong><\/em><\/p>\n<p>Pablo apunto al mal trato que recibieron por parte del equipo puntano: <em><strong>&#8216;la dirigencia de Jorge Newbery se porto muy mal con nosotros, cuando ellos vinieron los atendimos muy bien pero no recibimos el mismo trato&#8217;<\/strong><\/em><\/p>\n<p><em><strong>&#8216;Llame al presidente del Club para que se hiciera presente y pudiera calmar la situaci\u00f3n pero no recib\u00ed respuesta alguna ya que esta de vacaciones en Brasil&#8217;<\/strong><\/em>. Finaliz\u00f3 diciendo en di\u00e1logo con FM VI\u00d1AS.<\/p>\n<p>&nbsp;<\/p>\n<p>&nbsp;<\/p>\n<p>&nbsp;<\/p>\n<p>&nbsp;<\/p>\n","protected":false},"excerpt":{"rendered":"<p>Luego del triunfo que logro el Sport Club Argentino, tanto el cuerpo t\u00e9cnico como los jugadores fueron agredidos f\u00edsicamente por jugadores &#8230;<\/p>\n","protected":false},"author":7,"featured_media":119586,"comment_status":"open","ping_status":"open","sticky":false,"template":"","format":"standard","meta":{"footnotes":""},"categories":[5,3],"tags":[],"class_list":["post-131515","post","type-post","status-publish","format-standard","has-post-thumbnail","hentry","category-actualidad","category-deportes"],"_links":{"self":[{"href":"https:\/\/vinasfm.com\/noticias\/wp-json\/wp\/v2\/posts\/131515","targetHints":{"allow":["GET"]}}],"collection":[{"href":"https:\/\/vinasfm.com\/noticias\/wp-json\/wp\/v2\/posts"}],"about":[{"href":"https:\/\/vinasfm.com\/noticias\/wp-json\/wp\/v2\/types\/post"}],"author":[{"embeddable":true,"href":"https:\/\/vinasfm.com\/noticias\/wp-json\/wp\/v2\/users\/7"}],"replies":[{"embeddable":true,"href":"https:\/\/vinasfm.com\/noticias\/wp-json\/wp\/v2\/comments?post=131515"}],"version-history":[{"count":2,"href":"https:\/\/vinasfm.com\/noticias\/wp-json\/wp\/v2\/posts\/131515\/revisions"}],"predecessor-version":[{"id":131520,"href":"https:\/\/vinasfm.com\/noticias\/wp-json\/wp\/v2\/posts\/131515\/revisions\/131520"}],"wp:featuredmedia":[{"embeddable":true,"href":"https:\/\/vinasfm.com\/noticias\/wp-json\/wp\/v2\/media\/119586"}],"wp:attachment":[{"href":"https:\/\/vinasfm.com\/noticias\/wp-json\/wp\/v2\/media?parent=131515"}],"wp:term":[{"taxonomy":"category","embeddable":true,"href":"https:\/\/vinasfm.com\/noticias\/wp-json\/wp\/v2\/categories?post=131515"},{"taxonomy":"post_tag","embeddable":true,"href":"https:\/\/vinasfm.com\/noticias\/wp-json\/wp\/v2\/tags?post=131515"}],"curies":[{"name":"wp","href":"https:\/\/api.w.org\/{rel}","templated":true}]}}