{"id":131505,"date":"2024-01-11T21:02:58","date_gmt":"2024-01-12T00:02:58","guid":{"rendered":"https:\/\/vinasfm.com\/noticias\/?p=131505"},"modified":"2024-01-12T09:13:01","modified_gmt":"2024-01-12T12:13:01","slug":"primer-caso-de-encefalomelitis-equina-en-san-rafael","status":"publish","type":"post","link":"https:\/\/vinasfm.com\/noticias\/primer-caso-de-encefalomelitis-equina-en-san-rafael\/","title":{"rendered":"PRIMER CASO DE ENCEFALOMELITIS EQUINA EN SAN RAFAEL"},"content":{"rendered":"<h4><strong>En las \u00faltimas horas SENASA confirm\u00f3 el primer caso de encefalomielitis equina en San Rafael sobre un caballo de Real del Padre que falleci\u00f3 en las \u00faltimas horas.<\/strong><\/h4>\n<p>Adem\u00e1s se est\u00e1 estudiando un segundo posible caso en la zona de Las Malvinas. Hay que destacar que el SENASA y el \u00e1rea de salud de la provincia decidieron reforzar la tarea de prevenci\u00f3n en territorio mendocino.<br \/>\nSe trata de una infecci\u00f3n viral transmitida por la picadura de mosquito y los humanos tambi\u00e9n pueden adquirirla.<\/p>\n<p>Los mosquitos que transmiten la enfermedad generalmente se encuentran en zonas c\u00e1lidas y h\u00famedas. Estos se infectan al picar a un caballo o a otro animal que est\u00e9 infectado con el virus y luego pueden transmitirlo a m\u00e1s equinos o a los humanos al picarlos.<\/p>\n<p>Las autoridades sanitarias argentinas recomiendan vacunar a los equinos como medida de prevenci\u00f3n antes de su traslado o movimiento, as\u00ed como utilizar repelentes y mantener sus corrales limpios para evitar a los mosquitos que puedan infectarlos.<\/p>\n","protected":false},"excerpt":{"rendered":"<p>En las \u00faltimas horas SENASA confirm\u00f3 el primer caso de encefalomielitis equina en San Rafael sobre un caballo de Real del &#8230;<\/p>\n","protected":false},"author":7,"featured_media":131506,"comment_status":"open","ping_status":"open","sticky":false,"template":"","format":"standard","meta":{"footnotes":""},"categories":[5,14],"tags":[],"class_list":["post-131505","post","type-post","status-publish","format-standard","has-post-thumbnail","hentry","category-actualidad","category-agro"],"_links":{"self":[{"href":"https:\/\/vinasfm.com\/noticias\/wp-json\/wp\/v2\/posts\/131505","targetHints":{"allow":["GET"]}}],"collection":[{"href":"https:\/\/vinasfm.com\/noticias\/wp-json\/wp\/v2\/posts"}],"about":[{"href":"https:\/\/vinasfm.com\/noticias\/wp-json\/wp\/v2\/types\/post"}],"author":[{"embeddable":true,"href":"https:\/\/vinasfm.com\/noticias\/wp-json\/wp\/v2\/users\/7"}],"replies":[{"embeddable":true,"href":"https:\/\/vinasfm.com\/noticias\/wp-json\/wp\/v2\/comments?post=131505"}],"version-history":[{"count":2,"href":"https:\/\/vinasfm.com\/noticias\/wp-json\/wp\/v2\/posts\/131505\/revisions"}],"predecessor-version":[{"id":131540,"href":"https:\/\/vinasfm.com\/noticias\/wp-json\/wp\/v2\/posts\/131505\/revisions\/131540"}],"wp:featuredmedia":[{"embeddable":true,"href":"https:\/\/vinasfm.com\/noticias\/wp-json\/wp\/v2\/media\/131506"}],"wp:attachment":[{"href":"https:\/\/vinasfm.com\/noticias\/wp-json\/wp\/v2\/media?parent=131505"}],"wp:term":[{"taxonomy":"category","embeddable":true,"href":"https:\/\/vinasfm.com\/noticias\/wp-json\/wp\/v2\/categories?post=131505"},{"taxonomy":"post_tag","embeddable":true,"href":"https:\/\/vinasfm.com\/noticias\/wp-json\/wp\/v2\/tags?post=131505"}],"curies":[{"name":"wp","href":"https:\/\/api.w.org\/{rel}","templated":true}]}}